{"id":479,"date":"2017-07-12T19:00:01","date_gmt":"2017-07-12T17:00:01","guid":{"rendered":"http:\/\/www.notomusicafestival.com\/it\/?p=479"},"modified":"2019-07-09T18:43:06","modified_gmt":"2019-07-09T16:43:06","slug":"43-festival-internazionale-notomusica-2018","status":"publish","type":"post","link":"https:\/\/notomusicafestival.com\/archivio\/43-festival-internazionale-notomusica-2018\/","title":{"rendered":"COMUNICATO"},"content":{"rendered":"<div class=\"\" data-block=\"true\" data-editor=\"9s8ov\" data-offset-key=\"b2389-0-0\">\n<div class=\"_1mf _1mj\" data-offset-key=\"b2389-0-0\">\n<p align=\"CENTER\"><img loading=\"lazy\" class=\"alignnone size-full wp-image-1599\" src=\"https:\/\/notomusicafestival.com\/archivio\/wp-content\/uploads\/2019\/05\/cropped-Copertina-fb-noto-musica-2019.jpg\" alt=\"cropped-Copertina-fb-noto-musica-2019.jpg\" width=\"1500\" height=\"576\" srcset=\"https:\/\/notomusicafestival.com\/archivio\/wp-content\/uploads\/2019\/05\/cropped-Copertina-fb-noto-musica-2019.jpg 1500w, https:\/\/notomusicafestival.com\/archivio\/wp-content\/uploads\/2019\/05\/cropped-Copertina-fb-noto-musica-2019-300x115.jpg 300w, https:\/\/notomusicafestival.com\/archivio\/wp-content\/uploads\/2019\/05\/cropped-Copertina-fb-noto-musica-2019-768x295.jpg 768w, https:\/\/notomusicafestival.com\/archivio\/wp-content\/uploads\/2019\/05\/cropped-Copertina-fb-noto-musica-2019-1024x393.jpg 1024w\" sizes=\"(max-width: 1500px) 100vw, 1500px\" \/><\/p>\n<p align=\"CENTER\"><span style=\"font-size: large;\"><b>44\u00b0 Festival Internazionale Notomusica<\/b><\/span><\/p>\n<p align=\"CENTER\"><span style=\"font-size: medium;\"><i>23 luglio &#8211; 20 agosto 2019<\/i><\/span><\/p>\n<p align=\"CENTER\"><span style=\"font-size: large;\">Dieci concerti dal 23 luglio al 20 agosto nel Cortile del Collegio dei Gesuiti.<\/span><\/p>\n<p align=\"CENTER\"><span style=\"font-size: large;\">In cartellone Bollani in duo con De Holanda, Ughi con Nicolosi, Galliano e Mercelli con i Solisti Aquilani, Rea, Sosa, Rava, Andaloro, l\u2019Orchestra Teatro Massimo Bellini, il Quintetto Goffriller e la Hjo Orchestra<\/span><\/p>\n<p align=\"CENTER\"><span style=\"font-size: large;\"><b>Parata di stelle per il 44\u00b0 Festival Internazionale Notomusica 2019<\/b><\/span><\/p>\n<p align=\"CENTER\"><span style=\"font-size: large;\"><i>Alla presentazione, ospitata a Palazzo Ducezio, sono intervenuti il vicesindaco\u00a0Frankie Terranova, l&#8217;assessore Giusy Solerte e il presidente di Notomusica Giuseppe Landolina.<\/i><\/span><\/p>\n<p align=\"JUSTIFY\"><span style=\"font-size: medium;\">NOTO, 27 aprile 2019 \u2013 <\/span><span style=\"font-size: medium;\"><b>Stefano Bollani <\/b><\/span><span style=\"font-size: medium;\">in duo<\/span><b> <\/b><span style=\"font-size: medium;\">con <\/span><span style=\"font-size: medium;\"><b>Hamilton de Holanda<\/b><\/span><span style=\"font-size: medium;\">, <\/span><span style=\"font-size: medium;\"><b>Uto Ughi <\/b><\/span><span style=\"font-size: medium;\">con <\/span><span style=\"font-size: medium;\"><b>Francesco Nicolosi<\/b><\/span><span style=\"font-size: medium;\">, <\/span><span style=\"font-size: medium;\"><b>Richard Galliano <\/b><\/span><span style=\"font-size: medium;\">e <\/span><span style=\"font-size: medium;\"><b>Massimo Mercelli <\/b><\/span><span style=\"font-size: medium;\">con il quintetto dei<\/span><span style=\"font-size: medium;\"><b> Solisti Aquilani<\/b><\/span><span style=\"font-size: medium;\">, <\/span><span style=\"font-size: medium;\"><b>Danilo Rea<\/b><\/span><span style=\"font-size: medium;\">, <\/span><span style=\"font-size: medium;\"><b>Enrico Rava<\/b><\/span><span style=\"font-size: medium;\">, <\/span><span style=\"font-size: medium;\"><b>Omar Sosa <\/b><\/span><span style=\"font-size: medium;\"><b>e<\/b><\/span> <span style=\"font-size: medium;\"><b>Yilian Ca\u00f1izares Duo <\/b><\/span><span style=\"font-size: medium;\">con<\/span><span style=\"font-size: medium;\"><b> Gustavo Ovalles <\/b><\/span><span style=\"font-size: medium;\">special guest<\/span><span style=\"font-size: medium;\">, <\/span><span style=\"font-size: medium;\"><b>Giuseppe Andaloro<\/b><\/span><span style=\"font-size: medium;\">, l\u2019<\/span><span style=\"font-size: medium;\"><b>Orchestra del Teatro Massimo Bellini<\/b><\/span><span style=\"font-size: medium;\">, il <\/span><span style=\"font-size: medium;\"><b>Quintetto Goffriller <\/b><\/span><span style=\"font-size: medium;\">e la <\/span><span style=\"font-size: medium;\"><b>Hjo Orchestra<\/b><\/span><span style=\"font-size: medium;\">: un\u2019autentica parata di star illuminer\u00e0 la 44esima edizione del <\/span><span style=\"font-size: medium;\"><b>Festival Internazionale Notomusica<\/b><\/span><span style=\"font-size: medium;\">, che da<\/span><b> <\/b><span style=\"font-size: medium;\">quasi mezzo secolo anima le serate estive del centro storico cittadino, esaltando con le note il \u201cgiardino di pietra\u201d creato dai prospetti monumentali. Grazie ad una programmazione che alterna classica e jazz, suggestioni etniche e popolari, Notomusica si segnala come una delle maggiori e pi\u00f9 longeve rassegne del panorama non solo nazionale. \u00c8 questo il merito di una manifestazione che molto deve alla spiccata vocazione cosmopolita del suo fondatore,<\/span><span style=\"font-size: medium;\"><b> il pianista netino Corrado Galzio<\/b><\/span><span style=\"font-size: medium;\">, protagonista di una straordinaria carriera, che lo ha visto esibirsi in tutto il mondo da solista o in tandem con virtuosi di statura mondiale come <\/span><span style=\"font-size: medium;\"><b>Uto Ughi<\/b><\/span><span style=\"font-size: medium;\"> e <\/span><span style=\"font-size: medium;\"><b>Salvatore Accardo<\/b><\/span><span style=\"font-size: medium;\">, pi\u00f9 volte ospiti dell\u2019importante kermesse. <\/span><\/p>\n<p align=\"JUSTIFY\"><span style=\"font-size: medium;\">Il Festival, promosso e sostenuto da Mibac-Ministero per i Beni e le Attivit\u00e0 Culturali, Assessorato Regionale al Turismo e Comune di Noto, \u00e8 organizzato e prodotto dall\u2019Associazione Concerti Citt\u00e0 di Noto, fondata nel 1975 da Galzio, dallo scorso anno presidente onorario, dopo averne retto le redini per oltre quarant\u2019anni con crescente successo, accogliendo orchestre, ensemble e artisti di chiara fama e di ogni nazionalit\u00e0. Dalla passata stagione il testimone \u00e8 passato, con continuit\u00e0 di intenti e risultati, al neopresidente <\/span><span style=\"font-size: medium;\"><b>Giuseppe Landolina <\/b><\/span><span style=\"font-size: medium;\">e al direttore artistico <\/span><span style=\"font-size: medium;\"><b>Ugo Gennarini<\/b><\/span><span style=\"font-size: medium;\">, che gi\u00e0 da molte stagioni <\/span><span style=\"font-size: medium;\">condivideva l\u2019incarico con lo stesso Galzio. Un impegno che assorbe anche gli altri componenti del consiglio direttivo, ossia la <\/span><strong><span style=\"font-size: medium;\">vicepresidente Rina Rossitto, Alberto Frasca e Giuseppe Di Giovanni,<\/span><\/strong><span style=\"font-size: medium;\"> insieme al <\/span><strong><span style=\"font-size: medium;\">segretario generale Urbano Pannuzzo<\/span><\/strong><strong><span style=\"font-size: medium;\">.<\/span><\/strong><span style=\"font-size: medium;\"> L<\/span><span style=\"font-size: medium;\">\u2019Associazione assicura infatti nel territorio per dodici mesi l\u2019anno un\u2019intensa attivit\u00e0 musicale e formativa, di cui Notomusica rappresenta il fiore all\u2019occhiello. Basti citare, limitandosi alle presenze pi\u00f9 recenti, i nomi di <\/span><span style=\"font-size: medium;\"><b>Antonio Pappano, <\/b><\/span><span style=\"font-size: medium;\"><b>Katia e Marielle<\/b><\/span><b> <\/b><em><span style=\"font-size: medium;\"><b>Lab\u00e8que<\/b><\/span><\/em><span style=\"font-size: medium;\"><b>, Dee Dee Bridgwater<\/b><\/span><span style=\"font-size: medium;\">, <\/span><span style=\"font-size: medium;\"><b>Paolo Fresu, Nicola Piovani<\/b><\/span><span style=\"font-size: medium;\">. Indimenticabili serate da tutto esaurito, che hanno attirato e fatto convergere a Notomusica non solo residenti, ma un pubblico di visitatori, incrementando il turismo culturale e l\u2019indotto.<\/span><\/p>\n<p align=\"JUSTIFY\"><span style=\"font-size: medium;\">L\u2019edizione 2019 si conferma di notevole spessore per i contenuti e gli esecutori in cartellone. I dieci concerti, che avranno tutti inizio alle ore 21,15, si svolgeranno al <\/span><span style=\"font-size: medium;\"><b>Cortile del Collegio dei Gesuiti,<\/b><\/span><span style=\"font-size: medium;\"> autentico trionfo di quel barocco monumentale che consacra il Val di Noto nel World Heritage List dell\u2019Unesco. Il programma \u00e8 stato presentato, come di consueto, nel Salone degli specchi di Palazzo Ducezio, sede del Municipio, nel pomeriggio di sabato 27 aprile. A fare gli onori di casa il <\/span><strong><span style=\"font-size: medium;\">vicesindaco e assessore alla Cultura\u00a0Frankie Terranova<\/span><\/strong><span style=\"font-size: medium;\"> insieme all&#8217;<\/span><strong><span style=\"font-size: medium;\">assessore al Turismo Giusy Solerte,<\/span><\/strong><span style=\"font-size: medium;\"> che\u00a0hanno portato\u00a0i saluti del <\/span><strong><span style=\"font-size: medium;\">Sindaco Bonfanti<\/span><\/strong><span style=\"font-size: medium;\">, rimarcando\u00a0il ruolo che il festival\u00a0ha ricoperto e ricopre per il Val di Noto.\u00a0\u00a0<\/span><\/p>\n<p align=\"JUSTIFY\"><span style=\"font-size: medium;\">\u00abDa oltre quarant\u2019anni \u2013 ha sottolineato Terranova\u00a0\u2013 il \u201cFestival Internazionale Notomusica\u201d rappresenta uno dei momenti culturali pi\u00f9 importanti del Val di Noto e dell\u2019intera Regione. Una felice intuizione del maestro Corrado Galzio, oggi portata avanti con la stessa passione e professionalit\u00e0, che \u00e8 in grado di regalare emozioni uniche grazie a grandissimi musicisti e ad un programma attento ed innovativo, capace di fondere la classica con il jazz ed altre sperimentazioni. Memoria ed avanguardia: una stupenda colonna sonora per visitare un angolo straordinario di Sicilia\u00bb.<\/span><\/p>\n<p align=\"JUSTIFY\"><span style=\"font-size: medium;\"><span lang=\"da-DK\">\u00abIl festival \u2013 ha ribadito il <\/span><\/span><span style=\"font-size: medium;\"><span lang=\"da-DK\"><b>presidente Giuseppe Landolina<\/b><\/span><\/span><span style=\"font-size: medium;\"><span lang=\"da-DK\"> \u2013 va avanti nel segno della continuit\u00e0. Il segreto \u00e8 stato puntare sul linguaggio universale della musica progettando una manifestazione strutturata nel segno dell\u2019internazionalit\u00e0. Questo percorso ultraquarantennale, ideato dal maestro Corrado Galzio, \u00e8 stato reso possibile grazie ad artisti dei cinque Continenti, ai collaboratori, alle istituzioni, al pubblico, ai cittadini di Noto che hanno dimostrato di amare e meritare un festival di musica. Notomusica appartiene a loro e nelle notti estive sfiora con le sue note il \u201cgiardino di pietra\u201d barocco, che per monumentale bellezza non ha eguali al mondo\u00bb.<\/span><\/span><\/p>\n<p align=\"JUSTIFY\"><span style=\"font-family: Calibri, sans-serif;\"><span style=\"font-size: small;\"><span style=\"font-size: medium;\"><span lang=\"da-DK\">\u00abNotomusica \u2013 osservava <\/span><\/span><strong><span style=\"font-size: medium;\"><span lang=\"da-DK\">l\u2019assessore al Turismo, Giusy Solerte<\/span><\/span><\/strong><span style=\"font-size: medium;\"><span lang=\"da-DK\"> \u2013 \u00e8 al tempo stesso paradigma di passato e presente, che raccoglie l&#8217;eredit\u00e0 del maestro Corrado Galzio e con uno sguardo attento anche al futuro. Un Festival di forte richiamo che si ripete da 44 edizioni e rivendica la propria identit\u00e0 di pietra miliare nella storia musicale della citt\u00e0, mantenendo tutta la sua carica espressiva, affatto scalfita, anzi rinfrancata, dal turbinio di crescita e rinnovamento culturale che Noto ha conosciuto negli ultimi anni\u00bb. <\/span><\/span><\/span><\/span><\/p>\n<p align=\"JUSTIFY\"><span style=\"font-size: medium;\"><span lang=\"da-DK\">\u00abIl cartellone 2019 \u2013 ha scritto nel suo intervento\u00a0il <\/span><\/span><strong><span style=\"font-size: medium;\"><span lang=\"da-DK\">direttore artistico Ugo Gennarini<\/span><\/span><\/strong><span style=\"font-size: medium;\"><span lang=\"da-DK\">, trattenuto in tourn\u00e9e in Giappone \u2013 riunisce una strabiliante rosa di artisti, in grado di toccare le corde di vari sentimenti musicali, cos\u00ec da poter spaziare dalla musica sinfonica a quella cameristica, dal jazz alla canzone popolare, dalla musica brasiliana a quella argentina, dal virtuosismo violinistico a quello pianistico. Insomma, ce n&#8217;\u00e8 per tutti i gusti! E siamo orgogliosi di poter contribuire alla ricchezza culturale di un territorio che merita, per le sue profonde radici storiche ed artistiche, essere di esempio per l&#8217;intero Paese\u00bb.<\/span><\/span><\/p>\n<p align=\"JUSTIFY\"><span style=\"font-family: Calibri, sans-serif;\"><span style=\"font-size: small;\"><span style=\"font-size: medium;\"><span lang=\"da-DK\">Il programma \u00e8 stato illustrato nei dettagli dalla <\/span><\/span><strong><span style=\"font-size: medium;\"><span lang=\"da-DK\">giornalista Caterina And\u00f2<\/span><\/span><\/strong><span style=\"font-size: medium;\"><span lang=\"da-DK\">, esperto critico musicale e teatrale. <\/span><\/span><span lang=\"da-DK\">S\u2019inaugura con le sonorit\u00e0 sudamericane del concerto \u201cO que ser\u00e0\u201d, che vedr\u00e0 alla ribalta il collaudato sodalizio formato da <\/span><span lang=\"da-DK\"><b>Stefano Bollani <\/b><\/span><span lang=\"da-DK\">al pianoforte e<\/span><span lang=\"da-DK\"><b> Hamilton de Holanda <\/b><\/span><span lang=\"da-DK\">al mandolino (23 luglio). <\/span><b>Due<\/b> delle pi\u00f9 amate Sinfonie di B<span lang=\"da-DK\">eethoven, la Quinta e la Settima, saranno affidate all\u2019interpretazione dell\u2019<\/span><span lang=\"da-DK\"><b>Orchestra Sinfonica del Teatro Massimo Bellini di Catania<\/b><\/span><span lang=\"da-DK\">, sul podio <\/span><span lang=\"da-DK\"><b>Luigi Piovano<\/b><\/span><span lang=\"da-DK\"> (28 luglio). <\/span><span style=\"font-size: medium;\">Il violinista <\/span><span style=\"font-size: medium;\"><b>Uto Ughi<\/b><\/span><span style=\"font-size: medium;\"> e il pianista <\/span><span style=\"font-size: medium;\"><b>Francesco Nicolosi<\/b><\/span><span style=\"font-size: medium;\"> proporranno un variegato itinerario nel tempo e nello spazio, tra le pagine di Haendel, Franck, Del Falla, Sarasate, Saint-Saens (1 agosto). <\/span><\/span><\/span><\/p>\n<p align=\"JUSTIFY\">\u00a0\u201c<span style=\"font-size: medium;\">Richard Galliano &#8230;rencontres\u201d \u00e8 un concerto che rappresenta u<\/span><span style=\"color: #000000;\"><span style=\"font-size: medium;\">na perfetta \u201cfusion\u201d tra musica colta e jazz in una raffinata e mai scontata rielaborazione. La fisarmonica di <\/span><\/span><span style=\"color: #000000;\"><span style=\"font-size: medium;\"><b>Richard Galliano<\/b><\/span><\/span><span style=\"color: #000000;\"><span style=\"font-size: medium;\"> e il flauto di <\/span><\/span><span style=\"color: #000000;\"><span style=\"font-size: medium;\"><b>Massimo Mercelli<\/b><\/span><\/span><span style=\"color: #000000;\"><span style=\"font-size: medium;\"> si accompagneranno con <\/span><\/span><span style=\"color: #000000;\"><span style=\"font-size: medium;\"><b>I Solisti Aquilani <\/b><\/span><\/span><span style=\"color: #000000;\"><span style=\"font-size: medium;\">in quintetto (Daniele Orlando e Federico Cardilli <\/span><\/span><span style=\"color: #000000;\"><span style=\"font-size: medium;\"><i>violini<\/i><\/span><\/span><span style=\"color: #000000;\"><span style=\"font-size: medium;\">, Gianluca Saggini <\/span><\/span><span style=\"color: #000000;\"><span style=\"font-size: medium;\"><i>viola,<\/i><\/span><\/span><span style=\"color: #000000;\"><span style=\"font-size: medium;\"> Giulio Ferretti <\/span><\/span><span style=\"color: #000000;\"><span style=\"font-size: medium;\"><i>violoncello<\/i><\/span><\/span><span style=\"color: #000000;\"><span style=\"font-size: medium;\">, Alessandro Schillaci <\/span><\/span><span style=\"color: #000000;\"><span style=\"font-size: medium;\"><i>contrabbasso<\/i><\/span><\/span><span style=\"color: #000000;\"><span style=\"font-size: medium;\">). Il programma include brani di <\/span><\/span><span style=\"font-size: medium;\">Giovanni Sollima, Piazzolla ma anche di Bach, Vivaldi e dello stesso Galliano (5 agosto).<\/span><\/p>\n<p align=\"JUSTIFY\"><span style=\"font-size: medium;\">Spazio al repertorio cameristico con il <\/span><span style=\"font-size: medium;\"><b>Quintetto Goffriller<\/b><\/span><span style=\"font-size: medium;\"> (<\/span><span style=\"color: #000000;\"><span style=\"font-size: medium;\">Vito Imperato e Giovanni Anastasio <\/span><\/span><span style=\"color: #000000;\"><span style=\"font-size: medium;\"><i>violini<\/i><\/span><\/span><span style=\"color: #000000;\"><span style=\"font-size: medium;\">, Alberto Salomon <\/span><\/span><span style=\"color: #000000;\"><span style=\"font-size: medium;\"><i>viola<\/i><\/span><\/span><span style=\"color: #000000;\"><span style=\"font-size: medium;\">, Benedetto Munzone <\/span><\/span><span style=\"color: #000000;\"><span style=\"font-size: medium;\"><i>violoncello<\/i><\/span><\/span><span style=\"color: #000000;\"><span style=\"font-size: medium;\">, Epifanio Comis <\/span><\/span><span style=\"color: #000000;\"><span style=\"font-size: medium;\"><i>pianoforte<\/i><\/span><\/span><span style=\"color: #000000;\"><span style=\"font-size: medium;\">) con Claudi Arimanyal<\/span><\/span><span style=\"color: #000000;\"><span style=\"font-size: medium;\"><i> flauto<\/i><\/span><\/span><span style=\"color: #000000;\"><span style=\"font-size: medium;\">, per dare vita a pagine di <\/span><\/span><span style=\"font-size: medium;\">Mozart e <\/span><em><span style=\"font-size: medium;\">Dvo\u0159\u00e1k<\/span><\/em> <span style=\"font-size: medium;\">(7 agosto).<\/span><\/p>\n<p align=\"JUSTIFY\"><span style=\"font-size: medium;\"><b>Il Duo Omar Sosa <\/b><\/span><span style=\"font-size: medium;\"><i>pianoforte e tastiere e <\/i><\/span><span style=\"font-size: medium;\"><b>Yilian Ca\u00f1izares <\/b><\/span><span style=\"font-size: medium;\"><i>voce e violino<\/i><\/span><span style=\"font-size: medium;\">, special guest <\/span><span style=\"font-size: medium;\"><b>Gustavo Ovalles <\/b><\/span><span style=\"font-size: medium;\"><i>percussioni<\/i><\/span><span style=\"font-size: medium;\">, formazione straordinaria sceglie Notomusica per il live tour \u201cAguas\u201d (10 agosto).<\/span><\/p>\n<p align=\"JUSTIFY\"><span style=\"font-size: medium;\">All\u2019inimitabile <\/span><span style=\"font-size: medium;\"><b>Danilo Rea<\/b><\/span><span style=\"font-size: medium;\">, in un concerto per piano solo, spetta l\u2019<\/span><span style=\"font-size: medium;\"><i>Omaggio a Fabrizio De Andr\u00e8<\/i><\/span><span style=\"font-size: medium;\"> (13 agosto).<\/span><\/p>\n<p align=\"JUSTIFY\"><span style=\"font-size: medium;\">Nel recital del giovane, pluripremiato pianista <\/span><span style=\"font-size: medium;\"><b>Giuseppe Andaloro<\/b><\/span><span style=\"font-size: medium;\"> comanda la versatilit\u00e0 del virtuoso, che trascorre da Haendel a Beethoven, da Ravel a Rachmaninov (16 agosto).<\/span><\/p>\n<p align=\"JUSTIFY\">\u201c<span style=\"font-size: medium;\"><b>Enrico Rava 80<\/b><\/span><sup><span style=\"font-size: medium;\"><b>th<\/b><\/span><\/sup><span style=\"font-size: medium;\"><b>anniversary tour 2019\u201d<\/b><\/span><span style=\"font-size: medium;\">, titolo eloquente per il prestigioso jazzista che suoner\u00e0 tromba e flicorno in sintonia con il gruppo formato da Francesco Bearzatti <em>sax<\/em><\/span><span style=\"font-size: medium;\"><i>, <\/i><\/span><span style=\"font-size: medium;\">Giovanni Guidi <\/span><span style=\"font-size: medium;\"><i>pianoforte<\/i><\/span><span style=\"font-size: medium;\">, Francesco Diodati <\/span><span style=\"font-size: medium;\"><i>chitarra<\/i><\/span><span style=\"font-size: medium;\">, Gabriele Evangelista <\/span><span style=\"font-size: medium;\"><i>contrabbasso<\/i><\/span><span style=\"font-size: medium;\">, Enrico Morello <\/span><span style=\"font-size: medium;\"><i>batteria<\/i><\/span><span style=\"font-size: medium;\"> (18 agosto).<\/span><\/p>\n<p align=\"JUSTIFY\"><span style=\"font-size: medium;\">A chiudere Notomusica 2019 sar\u00e0 \u201cLa grande era dello Swing\u201d, rivisitata dalla trascinante <\/span><span style=\"font-size: medium;\"><b>Hjo Jazz Orchestra <\/b><\/span><span style=\"font-size: medium;\">diretta da <\/span><span style=\"font-size: medium;\"><b>Benvenuto Ramaci<\/b><\/span><span style=\"font-size: medium;\">, con <\/span><span style=\"font-size: medium;\"><b>Rosalba Bentivoglio <\/b><\/span><span style=\"font-size: medium;\"><i>voce solista<\/i><\/span><span style=\"font-size: medium;\">, a rievocare le musiche di Glenn Miller, Count Basie, Duke Ellington, George Gershwin, Ray Charles, John Legend, Jerome Kern (20 agosto).<\/span><\/p>\n<p align=\"JUSTIFY\"><span style=\"font-size: medium;\">Info: Associazione Concerti Citt\u00e0 di Noto &#8211; Palazzo Nicolaci, via Cavour n.53 &#8211; tel\/fax +39 0931 838581, <\/span><span style=\"color: #0000ff;\"><u><a href=\"mailto:associazioneconcerti@tin.it\" target=\"_blank\"><span style=\"font-size: medium;\">associazioneconcerti@tin.it<\/span><\/a><\/u><\/span><\/p>\n<\/div>\n<\/div>\n<div class=\"\" data-block=\"true\" data-editor=\"9s8ov\" data-offset-key=\"2rjjr-0-0\">\n<p><strong>Ufficio stampa<\/strong><br \/>\nCaterina Rita And\u00f2<br \/>\ncaterina.ando@gmail.com<\/p>\n<\/div>\n<div class=\"_1mf _1mj\" data-offset-key=\"1ej3d-0-0\"><\/div>\n<div class=\"_1mf _1mj\" data-offset-key=\"1ej3d-0-0\"><\/div>\n","protected":false},"excerpt":{"rendered":"<p>44\u00b0 Festival Internazionale Notomusica 23 luglio &#8211; 20 agosto 2019 Dieci concerti dal 23 luglio al 20 agosto nel Cortile del Collegio dei Gesuiti. In cartellone Bollani in duo con De Holanda, Ughi con Nicolosi, Galliano e Mercelli con i Solisti Aquilani, Rea, Sosa, Rava, Andaloro, l\u2019Orchestra Teatro Massimo Bellini, il Quintetto Goffriller e la&#8230;<\/p>\n","protected":false},"author":1,"featured_media":1613,"comment_status":"closed","ping_status":"open","sticky":false,"template":"","format":"standard","meta":[],"categories":[2],"tags":[],"_links":{"self":[{"href":"https:\/\/notomusicafestival.com\/archivio\/wp-json\/wp\/v2\/posts\/479"}],"collection":[{"href":"https:\/\/notomusicafestival.com\/archivio\/wp-json\/wp\/v2\/posts"}],"about":[{"href":"https:\/\/notomusicafestival.com\/archivio\/wp-json\/wp\/v2\/types\/post"}],"author":[{"embeddable":true,"href":"https:\/\/notomusicafestival.com\/archivio\/wp-json\/wp\/v2\/users\/1"}],"replies":[{"embeddable":true,"href":"https:\/\/notomusicafestival.com\/archivio\/wp-json\/wp\/v2\/comments?post=479"}],"version-history":[{"count":18,"href":"https:\/\/notomusicafestival.com\/archivio\/wp-json\/wp\/v2\/posts\/479\/revisions"}],"predecessor-version":[{"id":1630,"href":"https:\/\/notomusicafestival.com\/archivio\/wp-json\/wp\/v2\/posts\/479\/revisions\/1630"}],"wp:featuredmedia":[{"embeddable":true,"href":"https:\/\/notomusicafestival.com\/archivio\/wp-json\/wp\/v2\/media\/1613"}],"wp:attachment":[{"href":"https:\/\/notomusicafestival.com\/archivio\/wp-json\/wp\/v2\/media?parent=479"}],"wp:term":[{"taxonomy":"category","embeddable":true,"href":"https:\/\/notomusicafestival.com\/archivio\/wp-json\/wp\/v2\/categories?post=479"},{"taxonomy":"post_tag","embeddable":true,"href":"https:\/\/notomusicafestival.com\/archivio\/wp-json\/wp\/v2\/tags?post=479"}],"curies":[{"name":"wp","href":"https:\/\/api.w.org\/{rel}","templated":true}]}}