{"id":2140,"date":"2020-08-06T19:18:29","date_gmt":"2020-08-06T17:18:29","guid":{"rendered":"http:\/\/www.notomusicafestival.com\/it\/?p=2140"},"modified":"2020-08-06T19:18:29","modified_gmt":"2020-08-06T17:18:29","slug":"il-violinista-domenico-nordio-e-gli-archi-ensemble-ospiti-a-notomusica","status":"publish","type":"post","link":"https:\/\/notomusicafestival.com\/archivio\/il-violinista-domenico-nordio-e-gli-archi-ensemble-ospiti-a-notomusica\/","title":{"rendered":"Il violinista Domenico Nordio e \u201cGli Archi Ensemble\u201d ospiti a Notomusica"},"content":{"rendered":"<p><span style=\"color: #333333;\">Sabato 8 agosto 2020, ore 21.15 Cortile del Collegio dei Gesuiti<\/p>\n<p><b>Il violinista Domenico Nordio e \u201cGli Archi Ensemble\u201d ospiti a Notomusica<\/b><\/p>\n<p><i>In programma musiche di Schubert, Mendelssohn, Britten<\/i><\/p>\n<p>NOTO \u2013 Prosegue a ritmo serrato la ricca programmazione del 45\u00b0 Festival Internazionale Notomusica, che sabato 8 agosto, alle ore 21.15, nel Cortile del Collegio dei Gesuiti, vedr\u00e0 alla ribalta la rinomata orchestra da camera \u201cGliArchiEnsemble\u201d e un artista ospite di altissimo livello qual \u00e8 Domenico Nordio, violinista applaudito in tutto il mondo e forte di una vasta discografia. Sar\u00e0 lui il violino solista del Rond\u00f2 di Schubert e del Concerto in re minore di Mendelssohn; a completare la soir\u00e9e musicale la Sinfonia n.10 ancora di Mendelssohn e la Simple Symphony di Britten. Un programma di grande impatto per esecutori di primo piano.<\/span><\/p>\n<p><span style=\"color: #333333;\"><!--more--><br \/>\nDomenico Nordio \u00e8 infatti uno dei pi\u00f9 acclamati musicisti italiani del nostro tempo. Si \u00e8 esibito nelle sale pi\u00f9 prestigiose (Carnegie Hall di New York, Salle Pleyel di Parigi, Teatro alla Scala di Milano, Barbican Center di Londra, Suntory Hall di Tokyo) e con orchestre quali London Symphony, Orchestre National de France, Orchestre de la Suisse Romande, Orchestra Borusan di Istanbul, Enescu Philharmonic, Orchestra Simon Bolivar di Caracas, Filarmonica di San Pietroburgo, Sinfonica Nazionale della RAI. I suoi recenti tour internazionali lo hanno visto impegnato, tra l\u2019altro, al Concertgebouw di Amsterdam, al Teatro Colon di Buenos Aires, alla Sala Zaryadye di Mosca, alla Guild Hall di Riga, al Zorlu Center di Istanbul, al Festival di Tbilisi, alla Filarmonica di Vilnius, al NCPA di Mumbai, nella Sala San Paolo di S\u00e3o Paulo, allo Shanghai City Theater, al Melbourne Recital Centre.<br \/>\nNato a Venezia nel 1971, allievo di Corrado Romano e Mich\u00e8le Auclair, ex bambino prodigio (ha tenuto il suo primo recital a dieci anni), Domenico Nordio ha vinto a sedici anni il Concorso Internazionale &#8220;Viotti&#8221; di Vercelli con il leggendario Yehudy Menuhin Presidente di Giuria. Dopo le affermazioni ai Concorsi Thibaud di Parigi, Sigall di Vi\u00f1a del Mar e Francescatti di Marsiglia, il Gran Premio dell&#8217;Eurovisione ottenuto nel 1988 lo ha lanciato alla carriera internazionale: Nordio \u00e8 l&#8217;unico vincitore italiano nella storia del Concorso. \u00c8 Artista Sony Classical e dal 2017 \u00e8 Artista Residente dell&#8217;Orchestra Sinfonica di Milano &#8220;Giuseppe Verdi&#8221;.<br \/>\nnter Neuhold, George Pehlivanian, Hubert Soudant, Simone Bernardini, Giovanni Sollima, Christoph Hartmann, Ramin Bahrami, Moni Ovadia, e i compositori Roberto Molinelli e Carlo Boccadoro.<br \/>\nIn quindici anni di attivita\u0300, il gruppo si e\u0300 esibito in prestigiose sale da concerto in tutto il mondo: in Australia, al Sydney Italian Festival e alla Verbruggen Hall di Sydney, a Canberra, in Tunisia, a El Jem e ad Hammamet al Festival Internazionale di Musica di Cartagine e ancora in Svizzera e Cina, Brasile, Argentina Uruguay e Malta. In Italia ha inaugurato la prima stagione musicale della Rai di Palermo, per la quale si esibisce regolarmente in concerti trasmessi sul canale satellitare di RAI International.<br \/>\nSul fronte discografico, nel 2012, GliArchiEnsemble ha inciso per Fone\u0301 &#8220;Il suono del &#8216;900&#8243;, registrato al teatro Persio Flacco di Volterra, con due prime assolute: la Capriol Suite di Peter Warlock, la Serenata per archi op. 20 di Edward Elgar e la Serenata per Archi op. 6 di Josef Suk. Il CD dedicato al Requiem di Mozart, nella versione per archi dal compositore coevo Peter Lichtenthal, e\u0300 uscito nel 2018 per DaVinci ed \u00e8 risultato il disco digitale di musica classica pi\u00f9 venduto dell\u2019anno con oltre 560.000 streaming. Insieme a Giovanni Sollima e Oriana Civile, GliArchiEnsemble ha inciso la colonna sonora composta da Francesco Di Fiore per il film \u201cOre Diciotto in Punto\u201d di Giuseppe Gigliorosso, uscito nel 2014.<br \/>\nPer Expo 2015, il gruppo ha rappresentato la musica da camera siciliana con due concerti eseguiti all\u2019interno del Cluster Bio-Mediterraneo. GliArchiEnsemble ha eseguito diverse prime assolute tra cui, \u201cJesus Blood&#8221; di G. Bryars e \u201cDa Pacem Domine&#8221; di A. Part, con la partecipazione di Moni Ovadia e di Carlo Boccadoro.<\/span><\/p>\n","protected":false},"excerpt":{"rendered":"<p>Sabato 8 agosto 2020, ore 21.15 Cortile del Collegio dei Gesuiti Il violinista Domenico Nordio e \u201cGli Archi Ensemble\u201d ospiti a Notomusica In programma musiche di Schubert, Mendelssohn, Britten NOTO \u2013 Prosegue a ritmo serrato la ricca programmazione del 45\u00b0 Festival Internazionale Notomusica, che sabato 8 agosto, alle ore 21.15, nel Cortile del Collegio dei&#8230;<\/p>\n","protected":false},"author":1,"featured_media":2095,"comment_status":"closed","ping_status":"open","sticky":false,"template":"","format":"standard","meta":[],"categories":[68],"tags":[],"_links":{"self":[{"href":"https:\/\/notomusicafestival.com\/archivio\/wp-json\/wp\/v2\/posts\/2140"}],"collection":[{"href":"https:\/\/notomusicafestival.com\/archivio\/wp-json\/wp\/v2\/posts"}],"about":[{"href":"https:\/\/notomusicafestival.com\/archivio\/wp-json\/wp\/v2\/types\/post"}],"author":[{"embeddable":true,"href":"https:\/\/notomusicafestival.com\/archivio\/wp-json\/wp\/v2\/users\/1"}],"replies":[{"embeddable":true,"href":"https:\/\/notomusicafestival.com\/archivio\/wp-json\/wp\/v2\/comments?post=2140"}],"version-history":[{"count":1,"href":"https:\/\/notomusicafestival.com\/archivio\/wp-json\/wp\/v2\/posts\/2140\/revisions"}],"predecessor-version":[{"id":2141,"href":"https:\/\/notomusicafestival.com\/archivio\/wp-json\/wp\/v2\/posts\/2140\/revisions\/2141"}],"wp:featuredmedia":[{"embeddable":true,"href":"https:\/\/notomusicafestival.com\/archivio\/wp-json\/wp\/v2\/media\/2095"}],"wp:attachment":[{"href":"https:\/\/notomusicafestival.com\/archivio\/wp-json\/wp\/v2\/media?parent=2140"}],"wp:term":[{"taxonomy":"category","embeddable":true,"href":"https:\/\/notomusicafestival.com\/archivio\/wp-json\/wp\/v2\/categories?post=2140"},{"taxonomy":"post_tag","embeddable":true,"href":"https:\/\/notomusicafestival.com\/archivio\/wp-json\/wp\/v2\/tags?post=2140"}],"curies":[{"name":"wp","href":"https:\/\/api.w.org\/{rel}","templated":true}]}}