{"id":2111,"date":"2020-07-24T19:29:45","date_gmt":"2020-07-24T17:29:45","guid":{"rendered":"http:\/\/www.notomusicafestival.com\/it\/?p=2111"},"modified":"2020-07-24T19:29:45","modified_gmt":"2020-07-24T17:29:45","slug":"valentina-lisitsa-piano-recital","status":"publish","type":"post","link":"https:\/\/notomusicafestival.com\/archivio\/valentina-lisitsa-piano-recital\/","title":{"rendered":"Valentina Lisitsa piano recital"},"content":{"rendered":"<p>&#x1f3b9; A #NotoMusica2020 non poteva mancare un recital pianistico affidato alla virtuosa <a href=\"https:\/\/www.facebook.com\/ValentinaLisitsa\/\" target=\"_blank\">Valentina Lisitsa<\/a>, ex enfant prodige ucraina, richiesta nelle maggiori sale da concerto. Per la locandina netina, trascorrer\u00e0 con classe e versatilit\u00e0 da Beethoven ai protoromantici Liszt e Chopin, da Rachmaninov a Ravel.<\/p>\n<p>&#x1f4cc; Vi aspettiamo marted\u00ec 11 agosto presso il Cortile Collegio dei Gesuiti, nel cuore barocco del centro storico, alle ore 21:15.<\/p>\n<p><a href=\"https:\/\/www.facebook.com\/hashtag\/notomusica2020?__eep__=6\" target=\"_blank\">#NotoMusica2020<\/a> si terr\u00e0 dal 26 luglio al 18 agosto 2020. Scopri di pi\u00f9 sul programma e i volti del Festival seguendo il link: <a title=\"https:\/\/www.webtic.it\/\" href=\"https:\/\/bit.ly\/2VOonVh?fbclid=IwAR3-meHSkUF4E3ueit2XsG1lIiqIUAnC47F8cQ4wOTcwlJjSg0PuRQyyRao\" target=\"_blank\" rel=\"nofollow noopener\" data-lynx-mode=\"hover\" data-lynx-uri=\"https:\/\/l.facebook.com\/l.php?u=https%3A%2F%2Fbit.ly%2F2VOonVh%3Ffbclid%3DIwAR3-meHSkUF4E3ueit2XsG1lIiqIUAnC47F8cQ4wOTcwlJjSg0PuRQyyRao&amp;h=AT0Ha-9VlbpNzrcWoaFNPoD-8ecMYqa_TiZXrdgua8ecXtl_aP6IQR8V20llJDGfJAd56x-7Xi4-Vyk1g-AHyidfEWHdNZTPvTQFX4WtldVbl3XdxSJ-brkf0f459I3wK5jWL7k\">https:\/\/bit.ly\/2VOonVh<\/a><\/p>\n<p>&#x1f3bc; PROGRAMMA<\/p>\n<p>RACHMANINOV<br \/>\nPrelude Op. 3 n. 2 in C sharp minor<br \/>\nPrelude Op. 32 n. 5 in G major<br \/>\nPrelude Op. 32 n. 12 in G sharp minor<br \/>\nPrelude Op. 32 n. 10 in B minor<br \/>\nPrelude Op. 23 n. 5 in G minor<br \/>\nPrelude Op. 23 n. 2 in B Flat major<\/p>\n<p>BEETHOVEN<br \/>\nPiano Sonata n. 21 in C major, &#8220;Waldstein&#8221;, Op. 53<\/p>\n<p>CHOPIN<br \/>\nScherzo in B at minor, Op. 31, n. 2<\/p>\n<p>RAVEL<br \/>\nGaspard de la nuit<\/p>\n<p>LISZT<br \/>\nRhapsodie Espagnole, S. 254<\/p>\n<p>&#8211;<\/p>\n<p>&#x1f3ab; Intero \u20ac 15,00 (studenti fino ai 25 anni) Rid. \u20ac 12,00<br \/>\nDiritti prevendita \u20ac 1,50. Per info su costi biglietti e abbonamenti Associazione Concerti Citt\u00e0 di Noto &#8211; Palazzo Nicolaci, via Cavour n.53 &#8211; tel\/fax +39 0931 966466, associazioneconcerti@tin.it<\/p>\n<p><!--more--><img loading=\"lazy\" class=\"aligncenter size-full wp-image-2093\" src=\"https:\/\/notomusicafestival.com\/archivio\/wp-content\/uploads\/2020\/07\/11-08.jpg\" alt=\"Layout 1\" width=\"886\" height=\"1253\" srcset=\"https:\/\/notomusicafestival.com\/archivio\/wp-content\/uploads\/2020\/07\/11-08.jpg 886w, https:\/\/notomusicafestival.com\/archivio\/wp-content\/uploads\/2020\/07\/11-08-212x300.jpg 212w, https:\/\/notomusicafestival.com\/archivio\/wp-content\/uploads\/2020\/07\/11-08-768x1086.jpg 768w, https:\/\/notomusicafestival.com\/archivio\/wp-content\/uploads\/2020\/07\/11-08-724x1024.jpg 724w\" sizes=\"(max-width: 886px) 100vw, 886px\" \/><\/p>\n","protected":false},"excerpt":{"rendered":"<p>&#x1f3b9; A #NotoMusica2020 non poteva mancare un recital pianistico affidato alla virtuosa Valentina Lisitsa, ex enfant prodige ucraina, richiesta nelle maggiori sale da concerto. Per la locandina netina, trascorrer\u00e0 con classe e versatilit\u00e0 da Beethoven ai protoromantici Liszt e Chopin, da Rachmaninov a Ravel. &#x1f4cc; Vi aspettiamo marted\u00ec 11 agosto presso il Cortile Collegio dei&#8230;<\/p>\n","protected":false},"author":1,"featured_media":2094,"comment_status":"closed","ping_status":"open","sticky":false,"template":"","format":"standard","meta":[],"categories":[69,68],"tags":[],"_links":{"self":[{"href":"https:\/\/notomusicafestival.com\/archivio\/wp-json\/wp\/v2\/posts\/2111"}],"collection":[{"href":"https:\/\/notomusicafestival.com\/archivio\/wp-json\/wp\/v2\/posts"}],"about":[{"href":"https:\/\/notomusicafestival.com\/archivio\/wp-json\/wp\/v2\/types\/post"}],"author":[{"embeddable":true,"href":"https:\/\/notomusicafestival.com\/archivio\/wp-json\/wp\/v2\/users\/1"}],"replies":[{"embeddable":true,"href":"https:\/\/notomusicafestival.com\/archivio\/wp-json\/wp\/v2\/comments?post=2111"}],"version-history":[{"count":1,"href":"https:\/\/notomusicafestival.com\/archivio\/wp-json\/wp\/v2\/posts\/2111\/revisions"}],"predecessor-version":[{"id":2112,"href":"https:\/\/notomusicafestival.com\/archivio\/wp-json\/wp\/v2\/posts\/2111\/revisions\/2112"}],"wp:featuredmedia":[{"embeddable":true,"href":"https:\/\/notomusicafestival.com\/archivio\/wp-json\/wp\/v2\/media\/2094"}],"wp:attachment":[{"href":"https:\/\/notomusicafestival.com\/archivio\/wp-json\/wp\/v2\/media?parent=2111"}],"wp:term":[{"taxonomy":"category","embeddable":true,"href":"https:\/\/notomusicafestival.com\/archivio\/wp-json\/wp\/v2\/categories?post=2111"},{"taxonomy":"post_tag","embeddable":true,"href":"https:\/\/notomusicafestival.com\/archivio\/wp-json\/wp\/v2\/tags?post=2111"}],"curies":[{"name":"wp","href":"https:\/\/api.w.org\/{rel}","templated":true}]}}