{"id":2109,"date":"2020-07-24T19:27:12","date_gmt":"2020-07-24T17:27:12","guid":{"rendered":"http:\/\/www.notomusicafestival.com\/it\/?p=2109"},"modified":"2020-07-24T19:27:12","modified_gmt":"2020-07-24T17:27:12","slug":"gliarchiensemble-con-domenico-nordio","status":"publish","type":"post","link":"https:\/\/notomusicafestival.com\/archivio\/gliarchiensemble-con-domenico-nordio\/","title":{"rendered":"Gliarchiensemble con Domenico Nordio"},"content":{"rendered":"<p>&#x1f3bb;&#x1f3b6; La rinomata Orchestra da Camera <a href=\"https:\/\/www.facebook.com\/Gliarchiensemble\/\" target=\"_blank\">Gliarchiensemble<\/a> si presenter\u00e0 con un artista ospite di primo piano, il violinista <a href=\"https:\/\/www.facebook.com\/domenico.nordio.official\/\" target=\"_blank\">Domenico Nordio<\/a>, applaudito in tutto il mondo e che vanta anche una vasta discografia; sar\u00e0 lui il violino solista del Rond\u00f2 di Schubert e del Concerto in re minore di Mendelssohn; a completare la soir\u00e9e musicale la Sinfonia n.9 per orchestra, ancora di Mendelssohn e la Simple Symphony di Britten.<\/p>\n<p>&#x1f4cc; Appuntamento per sabato 8 agosto presso il Cortile Collegio dei Gesuiti, nel cuore barocco del centro storico, alle ore 21:15.<\/p>\n<p><a href=\"https:\/\/www.facebook.com\/hashtag\/notomusica2020?__eep__=6\" target=\"_blank\">#NotoMusica2020<\/a> si terr\u00e0 dal 26 luglio al 18 agosto 2020. Scopri di pi\u00f9 sul programma e i volti del Festival seguendo il link: <a title=\"https:\/\/www.webtic.it\/\" href=\"https:\/\/bit.ly\/2VOonVh?fbclid=IwAR1-nPtl6JkQvm8pB9aHXpLVcs7fLgV3iactBgk8mcFNBvLlQt10hPCXUlo\" target=\"_blank\" rel=\"nofollow noopener\" data-lynx-mode=\"hover\" data-lynx-uri=\"https:\/\/l.facebook.com\/l.php?u=https%3A%2F%2Fbit.ly%2F2VOonVh%3Ffbclid%3DIwAR1-nPtl6JkQvm8pB9aHXpLVcs7fLgV3iactBgk8mcFNBvLlQt10hPCXUlo&amp;h=AT2QabnNTJFNG2hGdxVMZekDYJbANnuhvOOGnr5xQu1-f1yumy7Y_O3Qw1dp8Mi1e3kCyDKK_09N0luM7EO_E3Kakg4ZnIvRZPfdP2SI8fDmts6dw-sv0Tf9s6Hy22cpkZN8SSE\">https:\/\/bit.ly\/2VOonVh<\/a><\/p>\n<p>&#x1f3bc; PROGRAMMA<\/p>\n<p>F. SCHUBERT<br \/>\nRondo\u0300 per violino e orchestra<\/p>\n<p>F. MENDELSSOHN<br \/>\nConcerto in re minore per violino e orchestra<br \/>\nSinfonia n.9 per orchestra<\/p>\n<p>B. BRITTEN<br \/>\nSimple Symphony<\/p>\n<p>&#8211;<\/p>\n<p>&#x1f3ab; Intero \u20ac 15,00 (studenti fino ai 25 anni) Rid. \u20ac 12,00<br \/>\nDiritti prevendita \u20ac 1,50. Per info su costi biglietti e abbonamenti Associazione Concerti Citt\u00e0 di Noto &#8211; Palazzo Nicolaci, via Cavour n.53 &#8211; tel\/fax +39 0931 966466, associazioneconcerti@tin.it<\/p>\n<p><!--more--><img loading=\"lazy\" class=\"aligncenter size-full wp-image-2088\" src=\"https:\/\/notomusicafestival.com\/archivio\/wp-content\/uploads\/2020\/07\/08-08.jpg\" alt=\"Layout 1\" width=\"886\" height=\"1253\" srcset=\"https:\/\/notomusicafestival.com\/archivio\/wp-content\/uploads\/2020\/07\/08-08.jpg 886w, https:\/\/notomusicafestival.com\/archivio\/wp-content\/uploads\/2020\/07\/08-08-212x300.jpg 212w, https:\/\/notomusicafestival.com\/archivio\/wp-content\/uploads\/2020\/07\/08-08-768x1086.jpg 768w, https:\/\/notomusicafestival.com\/archivio\/wp-content\/uploads\/2020\/07\/08-08-724x1024.jpg 724w\" sizes=\"(max-width: 886px) 100vw, 886px\" \/><\/p>\n","protected":false},"excerpt":{"rendered":"<p>&#x1f3bb;&#x1f3b6; La rinomata Orchestra da Camera Gliarchiensemble si presenter\u00e0 con un artista ospite di primo piano, il violinista Domenico Nordio, applaudito in tutto il mondo e che vanta anche una vasta discografia; sar\u00e0 lui il violino solista del Rond\u00f2 di Schubert e del Concerto in re minore di Mendelssohn; a completare la soir\u00e9e musicale la&#8230;<\/p>\n","protected":false},"author":1,"featured_media":2095,"comment_status":"closed","ping_status":"open","sticky":false,"template":"","format":"standard","meta":[],"categories":[69,68],"tags":[],"_links":{"self":[{"href":"https:\/\/notomusicafestival.com\/archivio\/wp-json\/wp\/v2\/posts\/2109"}],"collection":[{"href":"https:\/\/notomusicafestival.com\/archivio\/wp-json\/wp\/v2\/posts"}],"about":[{"href":"https:\/\/notomusicafestival.com\/archivio\/wp-json\/wp\/v2\/types\/post"}],"author":[{"embeddable":true,"href":"https:\/\/notomusicafestival.com\/archivio\/wp-json\/wp\/v2\/users\/1"}],"replies":[{"embeddable":true,"href":"https:\/\/notomusicafestival.com\/archivio\/wp-json\/wp\/v2\/comments?post=2109"}],"version-history":[{"count":1,"href":"https:\/\/notomusicafestival.com\/archivio\/wp-json\/wp\/v2\/posts\/2109\/revisions"}],"predecessor-version":[{"id":2110,"href":"https:\/\/notomusicafestival.com\/archivio\/wp-json\/wp\/v2\/posts\/2109\/revisions\/2110"}],"wp:featuredmedia":[{"embeddable":true,"href":"https:\/\/notomusicafestival.com\/archivio\/wp-json\/wp\/v2\/media\/2095"}],"wp:attachment":[{"href":"https:\/\/notomusicafestival.com\/archivio\/wp-json\/wp\/v2\/media?parent=2109"}],"wp:term":[{"taxonomy":"category","embeddable":true,"href":"https:\/\/notomusicafestival.com\/archivio\/wp-json\/wp\/v2\/categories?post=2109"},{"taxonomy":"post_tag","embeddable":true,"href":"https:\/\/notomusicafestival.com\/archivio\/wp-json\/wp\/v2\/tags?post=2109"}],"curies":[{"name":"wp","href":"https:\/\/api.w.org\/{rel}","templated":true}]}}