{"id":2070,"date":"2020-07-08T10:40:54","date_gmt":"2020-07-08T08:40:54","guid":{"rendered":"http:\/\/www.notomusicafestival.com\/it\/?p=2070"},"modified":"2020-07-08T10:40:54","modified_gmt":"2020-07-08T08:40:54","slug":"grazie-maestro-ennio","status":"publish","type":"post","link":"https:\/\/notomusicafestival.com\/archivio\/grazie-maestro-ennio\/","title":{"rendered":"Grazie Maestro Ennio"},"content":{"rendered":"<p>Cortesi Amiche ed Amici dell&#8217;Associazione Concerti Citt\u00e0 di Noto, eccezionale musicista, certo, Ennio Morricone, ma anche grande uomo di elevata caratura e di nobile modestia sino alle ultime fasi della sua vita: il coro che, all&#8217;annuncio della morte, si \u00e8 immediatamente levato in tutto il mondo \u00e8 la pi\u00f9 sincera riprova di quanto Egli valesse gi\u00e0 da gran tempo in tutti gli ambiti della cultura e non solo in quello musicale.<br \/>\nFacciamo nostri tutti i sentimenti espressi dagli o<span class=\"text_exposed_show\">rgani di informazione, nostri gli elogi ed il rimpianto del mondo intero, ma questa &#8220;piccola&#8221; Associazione ha il privilegio di essere stata tenuta in alta considerazione da Ennio Morricone, per merito di Corrado Galzio. E quando Ennio fu da noi in una serata che resta indimenticabile tra le centinaia del Festival, abbiamo colto nelle sue parole un sentimento di affetto e di pura e sincera devozione, ben oltre la semplice amicizia per il nostro fondatore: &#8220;A Noto mi sento come se fossi a casa mia, &#8211; Egli dichiar\u00f2 dal palcoscenico &#8211; perch\u00e9 qui \u00e8 la casa di Corrado che \u00e8 mio amico come lo fu di mio padre&#8230; ed io, grazie a Lui, mi sento onorato di potermi dichiarare amico di Noto&#8221;.<br \/>\nGrazie Maestro Ennio, abbiamo avuto da Te anche il dono di una composizione a Lui dedicata, ne faremo degna diffusione nei momenti pi\u00f9 adatti a risvegliare i ricordi di questa splendida avventura iniziata quasi mezzo secolo fa, perch\u00e9 mai finiremo di enunciare quanto la nostra Citt\u00e0 deve a Corrado Galzio.<\/span><\/p>\n<div class=\"text_exposed_show\">\n<p>Amiche e Amici, ci rivedremo al concerto di domenica prossima e successivamente dal 26 luglio in poi per le serate del Festival.<\/p>\n<p>Cordialmente.<br \/>\nAlberto Frasca, a nome del Consiglio Direttivo.<\/p>\n<\/div>\n","protected":false},"excerpt":{"rendered":"<p>Cortesi Amiche ed Amici dell&#8217;Associazione Concerti Citt\u00e0 di Noto, eccezionale musicista, certo, Ennio Morricone, ma anche grande uomo di elevata caratura e di nobile modestia sino alle ultime fasi della sua vita: il coro che, all&#8217;annuncio della morte, si \u00e8 immediatamente levato in tutto il mondo \u00e8 la pi\u00f9 sincera riprova di quanto Egli valesse&#8230;<\/p>\n","protected":false},"author":1,"featured_media":2071,"comment_status":"closed","ping_status":"open","sticky":false,"template":"","format":"standard","meta":[],"categories":[2],"tags":[],"_links":{"self":[{"href":"https:\/\/notomusicafestival.com\/archivio\/wp-json\/wp\/v2\/posts\/2070"}],"collection":[{"href":"https:\/\/notomusicafestival.com\/archivio\/wp-json\/wp\/v2\/posts"}],"about":[{"href":"https:\/\/notomusicafestival.com\/archivio\/wp-json\/wp\/v2\/types\/post"}],"author":[{"embeddable":true,"href":"https:\/\/notomusicafestival.com\/archivio\/wp-json\/wp\/v2\/users\/1"}],"replies":[{"embeddable":true,"href":"https:\/\/notomusicafestival.com\/archivio\/wp-json\/wp\/v2\/comments?post=2070"}],"version-history":[{"count":1,"href":"https:\/\/notomusicafestival.com\/archivio\/wp-json\/wp\/v2\/posts\/2070\/revisions"}],"predecessor-version":[{"id":2072,"href":"https:\/\/notomusicafestival.com\/archivio\/wp-json\/wp\/v2\/posts\/2070\/revisions\/2072"}],"wp:featuredmedia":[{"embeddable":true,"href":"https:\/\/notomusicafestival.com\/archivio\/wp-json\/wp\/v2\/media\/2071"}],"wp:attachment":[{"href":"https:\/\/notomusicafestival.com\/archivio\/wp-json\/wp\/v2\/media?parent=2070"}],"wp:term":[{"taxonomy":"category","embeddable":true,"href":"https:\/\/notomusicafestival.com\/archivio\/wp-json\/wp\/v2\/categories?post=2070"},{"taxonomy":"post_tag","embeddable":true,"href":"https:\/\/notomusicafestival.com\/archivio\/wp-json\/wp\/v2\/tags?post=2070"}],"curies":[{"name":"wp","href":"https:\/\/api.w.org\/{rel}","templated":true}]}}