{"id":1961,"date":"2020-04-19T21:49:10","date_gmt":"2020-04-19T19:49:10","guid":{"rendered":"http:\/\/www.notomusicafestival.com\/it\/?p=1961"},"modified":"2020-06-15T21:08:24","modified_gmt":"2020-06-15T19:08:24","slug":"lassociazione-concerti-citta-di-noto-si-unisce-al-cordoglio","status":"publish","type":"post","link":"https:\/\/notomusicafestival.com\/archivio\/lassociazione-concerti-citta-di-noto-si-unisce-al-cordoglio\/","title":{"rendered":"L\u2019Associazione Concerti Citt\u00e0 di Noto si unisce al cordoglio per il Maestro Corrado Galzio"},"content":{"rendered":"<p><!--more--><\/p>\n<p><iframe loading=\"lazy\" style=\"border: none; overflow: hidden;\" src=\"https:\/\/www.facebook.com\/plugins\/video.php?href=https%3A%2F%2Fwww.facebook.com%2Fnotomusicafestival%2Fvideos%2F845695062502780%2F&amp;show_text=0&amp;width=560\" width=\"560\" height=\"315\" frameborder=\"0\" scrolling=\"no\" allowfullscreen=\"allowfullscreen\"><\/iframe><\/p>\n<p><iframe loading=\"lazy\" style=\"border: none; overflow: hidden;\" src=\"https:\/\/www.facebook.com\/plugins\/video.php?href=https%3A%2F%2Fwww.facebook.com%2Fnotomusicafestival%2Fvideos%2F1882711125198003%2F&amp;show_text=0&amp;width=560\" width=\"560\" height=\"315\" frameborder=\"0\" scrolling=\"no\" allowfullscreen=\"allowfullscreen\"><\/iframe><\/p>\n<p><iframe loading=\"lazy\" style=\"border: none; overflow: hidden;\" src=\"https:\/\/www.facebook.com\/plugins\/video.php?href=https%3A%2F%2Fwww.facebook.com%2Fnotomusicafestival%2Fvideos%2F682570555838306%2F&amp;show_text=0&amp;width=560\" width=\"560\" height=\"315\" frameborder=\"0\" scrolling=\"no\" allowfullscreen=\"allowfullscreen\"><\/iframe><\/p>\n<p>L\u2019Associazione Concerti Citt\u00e0 di Noto si unisce al cordoglio della famiglia per la scomparsa del <b>Maestro Corrado Galzio<\/b>, Presidente Onorario di questa Associazione da Lui fondata nel 1975, uomo di cultura, musicista raffinato, che ha dedicato l\u2019intera vita alla divulgazione del patrimonio musicale, da sempre fondamento della nostra Associazione.<\/p>\n<p>Eternamente grati<\/p>\n<p>Consiglio Direttivo, soci e amici<\/p>\n<div id='gallery-1' class='gallery galleryid-1961 gallery-columns-2 gallery-size-medium'><figure class='gallery-item'>\n\t\t\t<div class='gallery-icon portrait'>\n\t\t\t\t<a href='https:\/\/notomusicafestival.com\/archivio\/wp-content\/uploads\/2020\/04\/IMAGE-2020-04-19-214801.jpg'><img width=\"182\" height=\"300\" src=\"https:\/\/notomusicafestival.com\/archivio\/wp-content\/uploads\/2020\/04\/IMAGE-2020-04-19-214801-182x300.jpg\" class=\"attachment-medium size-medium\" alt=\"\" loading=\"lazy\" srcset=\"https:\/\/notomusicafestival.com\/archivio\/wp-content\/uploads\/2020\/04\/IMAGE-2020-04-19-214801-182x300.jpg 182w, https:\/\/notomusicafestival.com\/archivio\/wp-content\/uploads\/2020\/04\/IMAGE-2020-04-19-214801-768x1268.jpg 768w, https:\/\/notomusicafestival.com\/archivio\/wp-content\/uploads\/2020\/04\/IMAGE-2020-04-19-214801-620x1024.jpg 620w, https:\/\/notomusicafestival.com\/archivio\/wp-content\/uploads\/2020\/04\/IMAGE-2020-04-19-214801.jpg 775w\" sizes=\"(max-width: 182px) 100vw, 182px\" \/><\/a>\n\t\t\t<\/div><\/figure><figure class='gallery-item'>\n\t\t\t<div class='gallery-icon landscape'>\n\t\t\t\t<a href='https:\/\/notomusicafestival.com\/archivio\/wp-content\/uploads\/2020\/04\/IMAGE-2020-04-19-214806.jpg'><img width=\"300\" height=\"225\" src=\"https:\/\/notomusicafestival.com\/archivio\/wp-content\/uploads\/2020\/04\/IMAGE-2020-04-19-214806-300x225.jpg\" class=\"attachment-medium size-medium\" alt=\"\" loading=\"lazy\" srcset=\"https:\/\/notomusicafestival.com\/archivio\/wp-content\/uploads\/2020\/04\/IMAGE-2020-04-19-214806-300x225.jpg 300w, https:\/\/notomusicafestival.com\/archivio\/wp-content\/uploads\/2020\/04\/IMAGE-2020-04-19-214806.jpg 667w\" sizes=\"(max-width: 300px) 100vw, 300px\" \/><\/a>\n\t\t\t<\/div><\/figure>\n\t\t<\/div>\n\n<p><strong>Dichiarazione di Uto Ughi<\/strong><\/p>\n<p>Il ricordo di Corrado Galzio rimarr\u00e0 sempre nella mia memoria, per i legami di amicizia e di grande stima che ho avuto nei suoi confronti. Ed esprimo il mio vivo cordoglio alla famiglia, che ho avuto modo di conoscere nel corso delle mie esibizioni a Notomusica, il longevo festival fondato da Galzio nel 1976. Tra i tanti meriti che gli vanno riconosciuti, vorrei sottolineare non solo il suo valore come concertista, ma altresi il ruolo di promotore culturale che ha avuto nella sua terra e anche oltreoceano. \u00c8 stato infatti un entusiasta sostenitore della musica italiana in Venezuela, e va detto che &#8220;El Sistema&#8221; di Abreu, il programma di didattica musicale aperto gratuitamente ai bambini e ai ragazzi di ogni ceto, che tanta eco e diffusione ha da decenni in tutto il mondo, ha preso spunto proprio dall&#8217;iniziativa di Galzio, che aveva fondato a Caracas un Conservatorio italiano, di far conoscere la musica ai giovani e alle generazioni future.<\/p>\n<p><strong>Dichiarazione Salvatore Accardo<\/strong><\/p>\n<p>Sempre porter\u00f2 con me il ricordo dei nostri concerti, le tourn\u00e9e, le prove, le ore di studio, le incisioni discografiche. Insieme, Corrado Galzio ed io abbiamo suonato le Sonate pi\u00f9 celebri per violino e pianoforte, quella dedicata a Kreutzer e &#8220;La primavera&#8221; di Beethoven, quelle di Franck, Schumann, Prokovie&#8217;v. Il nostro duo si \u00e8 esibito praticamente dappertutto in Italia, nelle sale pi\u00f9 importanti, da Milano a Roma alla Fenice di Venezia. Ed anche all&#8217;estero, soprattutto in Venezuela, dove Galzio, allora alla guida del Conservatorio italiano da lui fondato, svolgeva un&#8217;intensa attivit\u00e0 di concertista e di promotore della musica. In particolare, egli ebbe un ruolo importante nella nascita e nello sviluppo di quel grande e meritorio progetto che \u00e8 :El Sistema&#8221; ideato da Abreu, nell&#8217;ambito del quale Corrado Galzio teneva le classi di musica da camera, sua grande passione. Fu proprio Galzio a presentarmi Jos\u00e9 Abreu, il cui metodo all&#8217;epoca non era ancora cos\u00ec diffuso e affermato. Galzio ci credette subito e perci\u00f2 si \u00e8 battuto tutta la vita affinch\u00e9 Noto avesse una scuola d&#8217;archi gratuita per giovani e giovanissimi, una scelta dettata dal suo amore per la nostra arte e dalla consapevolezza che la formazione musicale assolva anche una funzione sociale e civile. Ne sono sempre stato convinto anch&#8217;io, la musica non deve stare chiusa in una torre d&#8217;avorio. E cos\u00ec mi ritrovai a suonare a Caracas con l&#8217;ormai celebre Orchestra Giovanile intitolata a Simon Bolivar. Un&#8217;ultima notazione: Galzio era amico mio e di mia moglie, la violinista Laura Gorna, che come me \u00e8 stata pi\u00f9 volte ospite a Notomusica, il festival lanciato da Galzio attraverso l&#8217;Associazione Concerti Citt\u00e0 di Noto, pure da lui fondata. Insieme vogliamo esprimere il nostro commosso cordoglio alla sua meravigliosa famiglia. Galzio era anche buon amico di mia madre, venuta a mancare pure lei centenaria. La musica \u00e8 un&#8217;arte meravigliosa. E Corrado Galzio lo ha testimoniato nel corso intero della sua vita.<\/p>\n","protected":false},"excerpt":{"rendered":"","protected":false},"author":1,"featured_media":1963,"comment_status":"closed","ping_status":"open","sticky":false,"template":"","format":"standard","meta":[],"categories":[68,2],"tags":[],"_links":{"self":[{"href":"https:\/\/notomusicafestival.com\/archivio\/wp-json\/wp\/v2\/posts\/1961"}],"collection":[{"href":"https:\/\/notomusicafestival.com\/archivio\/wp-json\/wp\/v2\/posts"}],"about":[{"href":"https:\/\/notomusicafestival.com\/archivio\/wp-json\/wp\/v2\/types\/post"}],"author":[{"embeddable":true,"href":"https:\/\/notomusicafestival.com\/archivio\/wp-json\/wp\/v2\/users\/1"}],"replies":[{"embeddable":true,"href":"https:\/\/notomusicafestival.com\/archivio\/wp-json\/wp\/v2\/comments?post=1961"}],"version-history":[{"count":9,"href":"https:\/\/notomusicafestival.com\/archivio\/wp-json\/wp\/v2\/posts\/1961\/revisions"}],"predecessor-version":[{"id":2015,"href":"https:\/\/notomusicafestival.com\/archivio\/wp-json\/wp\/v2\/posts\/1961\/revisions\/2015"}],"wp:featuredmedia":[{"embeddable":true,"href":"https:\/\/notomusicafestival.com\/archivio\/wp-json\/wp\/v2\/media\/1963"}],"wp:attachment":[{"href":"https:\/\/notomusicafestival.com\/archivio\/wp-json\/wp\/v2\/media?parent=1961"}],"wp:term":[{"taxonomy":"category","embeddable":true,"href":"https:\/\/notomusicafestival.com\/archivio\/wp-json\/wp\/v2\/categories?post=1961"},{"taxonomy":"post_tag","embeddable":true,"href":"https:\/\/notomusicafestival.com\/archivio\/wp-json\/wp\/v2\/tags?post=1961"}],"curies":[{"name":"wp","href":"https:\/\/api.w.org\/{rel}","templated":true}]}}