{"id":1816,"date":"2019-10-31T09:00:22","date_gmt":"2019-10-31T08:00:22","guid":{"rendered":"http:\/\/www.notomusicafestival.com\/it\/?p=1816"},"modified":"2019-11-02T18:10:44","modified_gmt":"2019-11-02T17:10:44","slug":"noto-festeggia-i-100-anni-del-maestro-corrado-galzio","status":"publish","type":"post","link":"https:\/\/notomusicafestival.com\/archivio\/noto-festeggia-i-100-anni-del-maestro-corrado-galzio\/","title":{"rendered":"Noto festeggia i 100 anni del Maestro Corrado Galzio"},"content":{"rendered":"<p style=\"text-align: center;\">Una vita all\u2019insegna della musica, nel 1975 lanci\u00f2 il Festival NotoMusica<br \/>\n<strong>Noto festeggia i primi 100 anni del Maestro Corrado Galzio<br \/>\n<\/strong>Il sindaco Bonfanti: \u00abTutta la comunit\u00e0 \u00e8 fiera di averlo come concittadino\u00bb<br \/>\nComunicato stampa n\u00b0118\/2019<\/p>\n<p><strong>Noto, 31 ottobre 2019<\/strong><\/p>\n<p>Una smisurata passione per la <strong>musica<\/strong> ed il forte attaccamento alla sua <strong>Noto<\/strong>, il cui nome ha portato in giro per il Mondo e per cui, nel lontano 1975, ha lanciato <strong>NotoMusica<\/strong>, il Festival Internazionale che scandisce le estati della citt\u00e0 Barocca.<\/p>\n<p>Il <strong>Maestro Corrado Galzio<\/strong> domenica 3 novembre compie 100 anni e l\u2019<strong>amministrazione comunale<\/strong>, assieme all\u2019<strong>Associazione Concerti Citt\u00e0 di Noto<\/strong>, ha deciso di festeggiare la felice ricorrenza organizzando una serata dedicata alla musica, ripercorrendo le tappe musicali pi\u00f9 importanti dell\u2019ultimo secolo a Noto.<\/p>\n<p><!--more--><\/p>\n<p><strong>Domenica pomeriggio alle 18<\/strong>, infatti, al <strong>Teatro Tina Di Lorenzo<\/strong> \u00e8 in programma l\u2019omaggio al Maestro Corrado Galzio, con la proiezione di un documentario realizzato da Alberto Frasca, presidente dell\u2019Associazione Concerti Citt\u00e0 di Noto dal titolo \u201cCento anni di musica a Noto\u201d, a seguire il <strong>sindaco Corrado Bonfanti<\/strong> consegner\u00e0 a nome della citt\u00e0 e della comunit\u00e0 netina, un piccolo regalo alla famiglia Galzio. Nelle sue parole, tutto il riconoscimento di Noto al maestro pianista, fondatore di NotoMusica.<\/p>\n<p>\u00abIl 3 novembre \u00e8 giorno di festa e di gioia in casa di Corrado Galzio &#8211; dice il <strong>sindaco Corrado Bonfanti<\/strong> &#8211; che ha raggiunto il traguardo delle 100 primavere, praticamente tutte vissute, fin dalla prima infanzia, nel segno dell\u2019attivit\u00e0 musicale di altissimo livello, sviluppatasi in particolare in <strong>Italia e Venezuela<\/strong>, i due Paesi da lui particolarmente amati. \u00c8 naturalmente giorno di festa e di gioia in seno alla sua famiglia, ma \u00e8 pure giorno di festa, di gioia e di sano orgoglio per tutti i netini, felici di stringersi attorno a lui per ringraziarlo di aver portato il nome di Noto praticamente in quasi tutti i paesi del mondo. Siamo fieri e compiaciuti, come netini, di essere concittadini di Corrado Galzio, un talentuoso netino, un grande siciliano, riconosciuto nel mondo intero come un geniale musicista, tra i pi\u00f9 prestigiosi che la nostra Isola abbia mai prodotto\u00bb.<\/p>\n<p>Nato a <strong>Noto<\/strong> nel <strong>1919<\/strong>, Galzio ha cominciato a studiare pianoforte con il maestro Giuseppe Scopa e li prosegue a Milano e poi a Roma, nel Conservatorio di Santa Cecilia con il maestro Renzo Silvestri. Negli anni \u201940 fonda il <em>Quartetto Galzio<\/em> e poi da vita a differenti formazioni cameristiche, l\u2019<em>Ensemble<\/em>\u00a0e\u00a0<em>I Solisti di Santa Cecilia. <\/em>Con queste formazioni ha svolto un\u2019attivit\u00e0 concertistica senza soste, realizzando tourn\u00e8es in tutto il mondo (Europa, America Latina, Unione Sovietica, Cina, Stati Uniti, Medio Oriente). Ha suonato con i pi\u00f9 prestigiosi musicisti (Odnosopoff, Janigro, Cassad\u00f3, Fourni\u00e9r, Ferras, Accardo, Ughi\u2026), presentando accanto al grande repertorio classico anche opere di autori venezuelani (Blanca Estrella, Rhazes Hern\u00e1ndez) e composizioni a lui espressamente dedicate (Casale, Gervasio, Blanca Estrella, Morricone, Sollima, Ferrauto \u2026).<\/p>\n<p>La sua vita di musicista si svolge tra l\u2019<strong>Italia<\/strong> e il <strong>Venezuela<\/strong>, sempre associando all\u2019attivit\u00e0 concertistica l\u2019impegno culturale. Legare il Vecchio e il Nuovo Mondo sotto il segno della musica e della reciproca conoscenza \u00e8 il suo obiettivo.\u00a0 In Venezuela, nella capitale <strong>Caracas<\/strong>, fonda e dirige il\u00a0<em>Conservatorio Italiano di Musica<\/em>, con l\u2019obiettivo di promuovere l\u2019educazione musicale. Conoscere gli autori classici e presentare le pi\u00f9 recenti espressioni artistiche sar\u00e0 la costante del programma dal vivo\u00a0<em>Temas con variaciones<\/em>\u00a0che personalmente cura per la radio e per la televisione, quest\u2019ultima considerata uno strumento di comunicazione di novit\u00e0 al tempo del lontano esordio nel 1952. Sotto l\u2019egida dell\u2019associazione\u00a0<strong><em>Italiamondo Cultura<\/em><\/strong>\u00a0promuove una serie di iniziative di successo, come ad esempio, i concerti, le conferenze e i dibattiti che realizza presso il\u00a0<em>Centro Culturale Monte Sacro<\/em>\u00a0dove si sono avvicendati artisti e intellettuali di tutto il mondo.<\/p>\n<p>Nel 1975, con la collaborazione di un gruppo amici, fonda\u00a0l\u2019<strong><em>Associazione Concerti Citt\u00e0 di Noto<\/em><\/strong>. Il suo intento \u00e8 stimolare la vita artistica della citt\u00e0 natale e riallacciarla alla nobilt\u00e0 delle sue tradizioni musicali. Il\u00a0<a href=\"http:\/\/www.notomusicafestival.com\/\"><strong>Festival Internazionale Notomusica<\/strong><\/a>\u00a0in estate, la\u00a0<em>Stagione Concertistica<\/em>\u00a0lungo l\u2019anno, i concerti nelle scuole e nei centri limitrofi, i corsi di\u00a0<em>Didattica Musicale<\/em>\u00a0sono il risultato del suo impegno di instancabile organizzatore.\u00a0Anno dopo anno, dal 1975 a oggi, il\u00a0<em>Festival<\/em>, che assicura alla citt\u00e0 la presenza di un turismo culturale di qualit\u00e0, costituisce un appuntamento imperdibile per quanti amano la grande musica classica.<\/p>\n<p><strong>Corrado Galzio<\/strong> ha sempre curato il dialogo e l\u2019amicizia tra Italia e Venezuela, come testimonia la presenza, nella ribalta internazionale del\u00a0<em>Festival<\/em>, delle orchestre, degli interpreti e dei compositori del Venezuela. Prestigiosi riconoscimenti e onorificenze gli sono stati attribuiti per l\u2019opera di continua mediazione culturale fra i paesi dell\u2019una e dell\u2019altra sponda dell\u2019oceano e per la lunga carriera musicale. \u00c8 del\u00a0<strong>2015<\/strong>\u00a0l\u2019ultima apparizione pubblica del Maestro che ha voluto celebrare con un grande concerto il 40\u00b0 Anniversario della fondazione del\u00a0<strong><em>Festival Internazionale Notomusica<\/em><\/strong><em>.<\/em><\/p>\n<p>Nell\u2019ambito dell\u2019attivit\u00e0 discografica, \u00e8 recente la compilazione di una serie di album in cui l\u2019artista ha consegnato alcune registrazioni dal vivo delle pi\u00f9 significative esperienze concertistiche.<\/p>\n<p>Una vita all\u2019insegna della musica e della condivisione. Un po\u2019 come riassume <strong>Alberto Frasca<\/strong>, presidente dell\u2019Associazione Concerti Citt\u00e0 di Noto.<\/p>\n<p>\u00abParli di Corrado Galzio &#8211; dice <strong>Frasca<\/strong> &#8211; e ti balza in mente l\u2019idea utopica del moto perpetuo: al traguardo dei cent&#8217;anni ne contiamo poco meno di ottanta dedicati alla musica, nel continuo girare per il mondo, nel riscuotere successi in tutte le capitali del Mondo. Ai luoghi di pi\u00f9 duratura stanzialit\u00e0, Noto ed il Venezuela, ha donato il meglio che genialit\u00e0, professionalit\u00e0, passione e generosit\u00e0 gli hanno consentito. Diventava infine necessario un momento di sosta; ma perch\u00e9 doveva subentrare il silenzio? La musica risuoner\u00e0 ancora nel suo cuore, cos\u00ec come mai sparir\u00e0 dal nostro. C&#8217;\u00e8 il sempre vivido brillio dei suoi occhi e l&#8217;appagante serenit\u00e0 del sorriso ad allietare la festa dei suoi gloriosi cent&#8217;anni. Via dunque altre parole che non siano Grazie, Maestro! Buon compleanno, Corrado\u00bb.<\/p>\n<div id='gallery-1' class='gallery galleryid-1816 gallery-columns-3 gallery-size-thumbnail'><figure class='gallery-item'>\n\t\t\t<div class='gallery-icon landscape'>\n\t\t\t\t<a href='https:\/\/notomusicafestival.com\/archivio\/wp-content\/uploads\/2019\/10\/photo_2019-10-29-08.38.18.jpeg'><img width=\"150\" height=\"150\" src=\"https:\/\/notomusicafestival.com\/archivio\/wp-content\/uploads\/2019\/10\/photo_2019-10-29-08.38.18-150x150.jpeg\" class=\"attachment-thumbnail size-thumbnail\" alt=\"\" loading=\"lazy\" srcset=\"https:\/\/notomusicafestival.com\/archivio\/wp-content\/uploads\/2019\/10\/photo_2019-10-29-08.38.18-150x150.jpeg 150w, https:\/\/notomusicafestival.com\/archivio\/wp-content\/uploads\/2019\/10\/photo_2019-10-29-08.38.18-380x380.jpeg 380w\" sizes=\"(max-width: 150px) 100vw, 150px\" \/><\/a>\n\t\t\t<\/div><\/figure><figure class='gallery-item'>\n\t\t\t<div class='gallery-icon landscape'>\n\t\t\t\t<a href='https:\/\/notomusicafestival.com\/archivio\/wp-content\/uploads\/2019\/10\/photo_2019-10-29-08.38.14.jpeg'><img width=\"150\" height=\"150\" src=\"https:\/\/notomusicafestival.com\/archivio\/wp-content\/uploads\/2019\/10\/photo_2019-10-29-08.38.14-150x150.jpeg\" class=\"attachment-thumbnail size-thumbnail\" alt=\"\" loading=\"lazy\" srcset=\"https:\/\/notomusicafestival.com\/archivio\/wp-content\/uploads\/2019\/10\/photo_2019-10-29-08.38.14-150x150.jpeg 150w, https:\/\/notomusicafestival.com\/archivio\/wp-content\/uploads\/2019\/10\/photo_2019-10-29-08.38.14-380x380.jpeg 380w\" sizes=\"(max-width: 150px) 100vw, 150px\" \/><\/a>\n\t\t\t<\/div><\/figure><figure class='gallery-item'>\n\t\t\t<div class='gallery-icon landscape'>\n\t\t\t\t<a href='https:\/\/notomusicafestival.com\/archivio\/wp-content\/uploads\/2019\/11\/Invito_CentoAnni_Galzio.jpg'><img width=\"150\" height=\"150\" src=\"https:\/\/notomusicafestival.com\/archivio\/wp-content\/uploads\/2019\/11\/Invito_CentoAnni_Galzio-150x150.jpg\" class=\"attachment-thumbnail size-thumbnail\" alt=\"\" loading=\"lazy\" srcset=\"https:\/\/notomusicafestival.com\/archivio\/wp-content\/uploads\/2019\/11\/Invito_CentoAnni_Galzio-150x150.jpg 150w, https:\/\/notomusicafestival.com\/archivio\/wp-content\/uploads\/2019\/11\/Invito_CentoAnni_Galzio-380x380.jpg 380w\" sizes=\"(max-width: 150px) 100vw, 150px\" \/><\/a>\n\t\t\t<\/div><\/figure>\n\t\t<\/div>\n\n","protected":false},"excerpt":{"rendered":"<p>Una vita all\u2019insegna della musica, nel 1975 lanci\u00f2 il Festival NotoMusica Noto festeggia i primi 100 anni del Maestro Corrado Galzio Il sindaco Bonfanti: \u00abTutta la comunit\u00e0 \u00e8 fiera di averlo come concittadino\u00bb Comunicato stampa n\u00b0118\/2019 Noto, 31 ottobre 2019 Una smisurata passione per la musica ed il forte attaccamento alla sua Noto, il cui&#8230;<\/p>\n","protected":false},"author":1,"featured_media":1807,"comment_status":"closed","ping_status":"open","sticky":false,"template":"","format":"standard","meta":[],"categories":[67,65,2],"tags":[],"_links":{"self":[{"href":"https:\/\/notomusicafestival.com\/archivio\/wp-json\/wp\/v2\/posts\/1816"}],"collection":[{"href":"https:\/\/notomusicafestival.com\/archivio\/wp-json\/wp\/v2\/posts"}],"about":[{"href":"https:\/\/notomusicafestival.com\/archivio\/wp-json\/wp\/v2\/types\/post"}],"author":[{"embeddable":true,"href":"https:\/\/notomusicafestival.com\/archivio\/wp-json\/wp\/v2\/users\/1"}],"replies":[{"embeddable":true,"href":"https:\/\/notomusicafestival.com\/archivio\/wp-json\/wp\/v2\/comments?post=1816"}],"version-history":[{"count":1,"href":"https:\/\/notomusicafestival.com\/archivio\/wp-json\/wp\/v2\/posts\/1816\/revisions"}],"predecessor-version":[{"id":1818,"href":"https:\/\/notomusicafestival.com\/archivio\/wp-json\/wp\/v2\/posts\/1816\/revisions\/1818"}],"wp:featuredmedia":[{"embeddable":true,"href":"https:\/\/notomusicafestival.com\/archivio\/wp-json\/wp\/v2\/media\/1807"}],"wp:attachment":[{"href":"https:\/\/notomusicafestival.com\/archivio\/wp-json\/wp\/v2\/media?parent=1816"}],"wp:term":[{"taxonomy":"category","embeddable":true,"href":"https:\/\/notomusicafestival.com\/archivio\/wp-json\/wp\/v2\/categories?post=1816"},{"taxonomy":"post_tag","embeddable":true,"href":"https:\/\/notomusicafestival.com\/archivio\/wp-json\/wp\/v2\/tags?post=1816"}],"curies":[{"name":"wp","href":"https:\/\/api.w.org\/{rel}","templated":true}]}}