{"id":1746,"date":"2019-08-12T12:08:35","date_gmt":"2019-08-12T10:08:35","guid":{"rendered":"http:\/\/www.notomusicafestival.com\/it\/?p=1746"},"modified":"2019-08-13T01:13:14","modified_gmt":"2019-08-12T23:13:14","slug":"il-pianista-giuseppe-andaloro-protagonista-a-notomusica","status":"publish","type":"post","link":"https:\/\/notomusicafestival.com\/archivio\/il-pianista-giuseppe-andaloro-protagonista-a-notomusica\/","title":{"rendered":"Il pianista Giuseppe Andaloro protagonista a Notomusica"},"content":{"rendered":"<p>Appuntamento venerd\u00ec 16 agosto 2019, ore 21.15 Cortile del Collegio dei Gesuiti<br \/>\n<b>Il pianista Giuseppe Andaloro protagonista a Notomusica<\/b><br \/>\n<i>In programma musiche di Beethoven, H\u00e4ndel, Rachmaninov, Ravel<\/i><br \/>\nNOTO \u2013 Giuseppe Andaloro, trentenne pianista palermitano dalla luminosa carriera internazionale, sar\u00e0 il protagonista assoluto del recital che Notomusica propone venerd\u00ec 16 agosto alle ore 21.15 nel Cortile del Collegio dei Gesuiti. Un programma per pianoforte solo di autentico impatto, quello che il virtuoso regaler\u00e0 al pubblico a partire dalle volute tardobarocche della Suite n.5 in mi minore di H\u00e4ndel, databile tra il 1707 e il 1720. Dei quattro movimenti, l\u2019ultimo &#8211; <i>Air \u00e0 5 variations<\/i><i><\/i> detta &#8220;<i>The Harmonious Blacksmith<\/i>&#8221; (<i>Il fabbro armonioso<\/i>) &#8211; fu apprezzato ed eseguito nell\u2019Ottocento anche come pezzo a s\u00e9 stante. Seguir\u00e0la celeberrima Sonata n.15 in Re Maggiore op.28 composta da Beethoven nel 1801; il titolo postumo &#8211; &#8220;Pastorale&#8221; &#8211; non implica ovviamente alcun riferimento testuale all\u2019omonima Sesta Sinfonia, se non per le atmosfere arcadiche e contemplative, che colorano in particolare il conclusivo Rond\u00f2.<\/p>\n<p><!--more--><br \/>\nLa seconda parte si apre con quel piccolo gioiello che \u00e8 la Sonatina composta da Ravel nel 1905 per un concorso indetto da una rivista musicale: il diminutivo non si riferisce alla brevit\u00e0 e tanto meno alla facilit\u00e0 di esecuzione, ma alla sapiente concisione del discorso musicale, che si rif\u00e0 a schemi della tradizione preromantica e al nitore della scrittura clavicembalistica francese, armonizzando ogni elemento in un equilibrio ideale.<br \/>\nChiuder\u00e0 la soir\u00e9e musicale l\u2019impervia Sonata n.2 di Rachmaninov, che aveva cominciato a lavorarci all\u2019inizio del 1913 durante il soggiorno a Roma, interrotto per\u00f2 dalla febbre tifoide che aveva colpito le sue due bambine. La termin\u00f2 perci\u00f2 al ritorno in patria, nella tenuta della moglie, e la esegu\u00ec per la prima volta in Russia nell\u2019autunno dello stesso anno, riportando vivo successo. Quasi vent\u2019anni dopo procedette ad una revisione, riducendo alcune parti che giudicava ridondanti ed eliminando alcune difficolt\u00e0 tecniche. Questa seconda versione fu eseguita per la prima volta dall\u2019autore a Portland nel 1931, quando da tempo aveva definitivamente lasciato il suo Paese. Il brano, veramente di ardua complessit\u00e0, com\u2019\u00e8 nelle corde di questo grande pianista e compositore, costitu\u00ec uno dei cavalli di battaglia dell\u2019ineguagliabile Vladimir Horowitz, che appront\u00f2 tuttavia una terza versione, meritandosi peraltro le lodi dello stesso Rachmaninov.<\/p>\n<p>Questo il programma ufficiale di una performance che si annuncia all\u2019altezza di un\u2019artista dalla parabola artistica in costante ascesa. Giuseppe Andaloro \u00e8 infatti risultato vincitore del primo premio di alcuni tra i pi\u00f9 prestigiosi Concorsi internazionali per pianoforte, (London World, Sendai International, Hong Kong International, Porto International, Internazionale &#8220;Ferruccio Busoni&#8221; di Bolzano), aggiudicandosi anche tutti i premi speciali. Nel 2005 \u00e8 stato premiato per &#8220;Meriti Artistici&#8221; anche dal Ministero Italiano per i Beni e le Attivit\u00e0 Culturali. Considerato uno degli interpreti pi\u00f9 apprezzati della sua generazione, svolge sin da giovanissimo un&#8217;appassionata e intensa attivit\u00e0 concertistica, che lo vede ospite di importanti festival (Salzburger Festspiele, Ruhr Klavier, Spoleto Due Mondi, Bucarest Enescu, Ravello, Hong Kong Chopin Festival, Beirut Al Bustan Festival, Duszniki-Zdr\u00f2j, Chopin Festival, Festival Arturo Benedetti Michelangeli di Brescia e Bergamo) e delle pi\u00f9 prestigiose sale del mondo (Teatro La Scala di Milano, San Carlo di Napoli, Massimo di Palermo, Petruzzelli di Bari, Sala Santa Cecilia del Parco della Musica di Roma, Teatro Mozarteum Gro\u00dfes Saal di Salisburgo, Salle Gaveau e Salle Cortot di Parigi, Royal Festival Hall e Queen Elisabeth Hall di Londra, Konzerthaus di Berlino, Sumida Triphony Hall e Pablo Casals Hall di Tokyo, Esplanade Auditorium di Singapore, Concert Hall di Hong Kong).<br \/>\nSi e&#8217; inoltre esibito come solista con la London Philharmonic Orchestra, NHK Symphony Orchestra di Tokyo, Singapore Symphony Orchestra, Hong Kong Philharmonic Orchestra, Philharmonische Camerata Berlin, London Mozart Players, Orchestra dell&#8217;Accademia Nazionale Santa Cecilia di Roma, Orchestra Giuseppe Verdi di Milano e con le Orchestre del Teatro San Carlo di Napoli e del Massimo di Palermo, collaborando con direttori del calibro di Ashkenazy, Noseda, Parrott, e con artisti quali Sarah Chang, Giovanni Sollima, Sergej Krylov, John Malkovich.<br \/>\nTiene masterclasses in Italia e all&#8217;estero ed \u00e8 stato a sua volta membro di giuria in importanti concorsi internazionali, oltre che ospite di emittenti radiotelevisive di rilievo in varie parti del mondo.<br \/>\nHa al suo attivo numerose incisioni discografiche e il suo album \u201cCruel Beauty\u201d del 2013 \u00e8 una &#8220;World Premi\u00e8re&#8221; di musiche italiane del tardo Rinascimento e del primo Barocco, per la prima volta registrate con un pianoforte moderno.<br \/>\nInfo: Associazione Concerti Citt\u00e0 di Noto &#8211; Palazzo Nicolaci, via Cavour n.53 &#8211; tel\/fax +39 0931 838581, <a href=\"mailto:associazioneconcerti@tin.it\">associazioneconcerti@tin.it<\/a><\/p>\n","protected":false},"excerpt":{"rendered":"<p>Appuntamento venerd\u00ec 16 agosto 2019, ore 21.15 Cortile del Collegio dei Gesuiti Il pianista Giuseppe Andaloro protagonista a Notomusica In programma musiche di Beethoven, H\u00e4ndel, Rachmaninov, Ravel NOTO \u2013 Giuseppe Andaloro, trentenne pianista palermitano dalla luminosa carriera internazionale, sar\u00e0 il protagonista assoluto del recital che Notomusica propone venerd\u00ec 16 agosto alle ore 21.15 nel Cortile&#8230;<\/p>\n","protected":false},"author":1,"featured_media":1750,"comment_status":"closed","ping_status":"open","sticky":false,"template":"","format":"standard","meta":[],"categories":[65],"tags":[],"_links":{"self":[{"href":"https:\/\/notomusicafestival.com\/archivio\/wp-json\/wp\/v2\/posts\/1746"}],"collection":[{"href":"https:\/\/notomusicafestival.com\/archivio\/wp-json\/wp\/v2\/posts"}],"about":[{"href":"https:\/\/notomusicafestival.com\/archivio\/wp-json\/wp\/v2\/types\/post"}],"author":[{"embeddable":true,"href":"https:\/\/notomusicafestival.com\/archivio\/wp-json\/wp\/v2\/users\/1"}],"replies":[{"embeddable":true,"href":"https:\/\/notomusicafestival.com\/archivio\/wp-json\/wp\/v2\/comments?post=1746"}],"version-history":[{"count":2,"href":"https:\/\/notomusicafestival.com\/archivio\/wp-json\/wp\/v2\/posts\/1746\/revisions"}],"predecessor-version":[{"id":1748,"href":"https:\/\/notomusicafestival.com\/archivio\/wp-json\/wp\/v2\/posts\/1746\/revisions\/1748"}],"wp:featuredmedia":[{"embeddable":true,"href":"https:\/\/notomusicafestival.com\/archivio\/wp-json\/wp\/v2\/media\/1750"}],"wp:attachment":[{"href":"https:\/\/notomusicafestival.com\/archivio\/wp-json\/wp\/v2\/media?parent=1746"}],"wp:term":[{"taxonomy":"category","embeddable":true,"href":"https:\/\/notomusicafestival.com\/archivio\/wp-json\/wp\/v2\/categories?post=1746"},{"taxonomy":"post_tag","embeddable":true,"href":"https:\/\/notomusicafestival.com\/archivio\/wp-json\/wp\/v2\/tags?post=1746"}],"curies":[{"name":"wp","href":"https:\/\/api.w.org\/{rel}","templated":true}]}}