{"id":1738,"date":"2019-08-11T18:24:34","date_gmt":"2019-08-11T16:24:34","guid":{"rendered":"http:\/\/www.notomusicafestival.com\/it\/?p=1738"},"modified":"2019-08-11T18:25:35","modified_gmt":"2019-08-11T16:25:35","slug":"danilo-rea-e-lomaggio-a-fabrizio-de-andre-in-esclusiva-a-notomusica","status":"publish","type":"post","link":"https:\/\/notomusicafestival.com\/archivio\/danilo-rea-e-lomaggio-a-fabrizio-de-andre-in-esclusiva-a-notomusica\/","title":{"rendered":"Danilo Rea e l\u2019omaggio a Fabrizio De Andr\u00e8 in esclusiva a Notomusica"},"content":{"rendered":"<p><b>44\u00b0 Festival Internazionale Notomusica<\/b><br \/>\n<i>23 luglio &#8211; 20 agosto 2019<\/i><\/p>\n<p>Comunicato stampa<br \/>\nAppuntamento marted\u00ec 13 agosto, ore 21.15, Cortile del Collegio dei Gesuiti<br \/>\n<b>Danilo Rea e l\u2019omaggio a Fabrizio De Andr\u00e8 in esclusiva a Notomusica<\/b><\/p>\n<p><a href=\"https:\/\/notomusicafestival.com\/archivio\/wp-content\/uploads\/2019\/08\/photo_2019-08-11-18.23.52.jpeg\"><img loading=\"lazy\" class=\"alignleft size-medium wp-image-1740\" src=\"https:\/\/notomusicafestival.com\/archivio\/wp-content\/uploads\/2019\/08\/photo_2019-08-11-18.23.52-200x300.jpeg\" alt=\"photo_2019-08-11 18.23.52\" width=\"200\" height=\"300\" srcset=\"https:\/\/notomusicafestival.com\/archivio\/wp-content\/uploads\/2019\/08\/photo_2019-08-11-18.23.52-200x300.jpeg 200w, https:\/\/notomusicafestival.com\/archivio\/wp-content\/uploads\/2019\/08\/photo_2019-08-11-18.23.52-768x1151.jpeg 768w, https:\/\/notomusicafestival.com\/archivio\/wp-content\/uploads\/2019\/08\/photo_2019-08-11-18.23.52-683x1024.jpeg 683w, https:\/\/notomusicafestival.com\/archivio\/wp-content\/uploads\/2019\/08\/photo_2019-08-11-18.23.52.jpeg 854w\" sizes=\"(max-width: 200px) 100vw, 200px\" \/><\/a>NOTO \u2013 Antivigilia di Ferragosto a Notomusica con il grande Danilo Rea e il suo poetico, intenso tributo a Fabrizio De Andr\u00e9. L\u2019appuntamento, unica data in Sicilia, \u00e8 per marted\u00ec 13 agosto alle ore 21.15 nel Cortile del Collegio dei Gesuiti. Sono trascorsi vent&#8217;anni dalla scomparsa di Faber e uno dei migliori pianisti di oggi, Danilo Rea, propone il suo personale omaggio, in un&#8217;interpretazione unica per piano solo. Edito nel 2010 in un memorabile disco per la prestigiosa etichetta Act, \u201cA tribute to Fabrizio De Andr\u00e8\u201d resta una tra le pi\u00f9 originali, ma nel contempo sensibile e fedele, elaborazioni del prezioso lascito del cantautore genovese.<br \/>\nIl live rappresenta un\u2019occasione unica per ascoltare la versione sempre rinnovata di brani celebri come \u201cLa canzone di Marinella\u201d, \u201cLa canzone dell\u2019amore perduto\u201d, \u201cVia del campo\u201d, \u201cGirotondo\u201d, \u201cInverno\u201d, \u201cCarlo Martello ritorna dalla battaglia di Poitiers\u201d, \u201cIl pescatore\u201d e \u201cBocca di rosa\u201d. Il tributo arricchisce la struttura musicale elle canzoni di arrangiamenti inediti, spaziando dal jazz alla classica, dal gospel al ballad.<\/p>\n<p><!--more--><br \/>\nAncora una volta, Danilo Rea riesce ad attirare l\u2019attenzione degli ascoltatori soprattutto grazie alla grande versatilit\u00e0 e all\u2019apertura musicale, come dimostra la sua variegata parabola artistica. Dopo gli studi di pianoforte classico al Conservatorio di Santa Cecilia a Roma e l\u2019esperienza come musicista nel mondo del progressive rock, l\u2019artista debutta nel mondo del jazz con il \u201cTrio di Roma\u201d nel 1975, raggiungendo la notoriet\u00e0 internazionale. La sua musica \u00e8 ricca di sorprendenti momenti di improvvisazione di grande lirismo che gli sono valsi l\u2019accostamento al grande Keith Jarrett. Tuttavia, a differenza della star americana, Rea trae la propria ispirazione dalla tradizione musicale della sua terra di origine, dai classici e dal pop italiano, piuttosto che dal \u201cGreat American Songbook\u201d. E quindi non sorprende che in Italia egli venga considerato come il grande poeta tra i musicisti di jazz e che sia diventato famoso suonando con molti cantautori e cantanti come Gino Paoli, Claudio Baglioni, Domenico Modugno, Gianni Morandi, Pino Daniele e Mina. Ora entrambi i mondi, quello del jazz e quello della canzone d\u2019autore, si fondono magicamente in questo tributo.<br \/>\nIl live \u00e8 interamente dedicato al cantautore genovese, morto prematuramente nel 1999 e divenuto famoso grazie alle innumerevoli canzoni che spesso riguardavano i soggetti marginali e i dimenticati della societ\u00e0, con testi che oggi trovano posto nei libri scolastici. Spogliate dal significato effettivo della parola, le canzoni di De Andr\u00e8 diventano l\u2019ideale ispirazione per la grande forza creativa di Rea che qui si muove fra brani intramontabili come quelli gi\u00e0 citati, trascorrendo ancora da intense ballate struggenti (\u201cCaro Amore\u201d, \u201cLa stagione del tuo amore\u201d) al blues e allo swing sincopato (\u201cLa ballata dell\u2019amore cieco\u201d), per arrivare persino a passaggi di puro free jazz (\u201cGirotondo\u201d).<br \/>\nNe scaturisce un magnifico tributo alle canzoni di De Andr\u00e9, traboccante di melodia e di tecnica straordinaria, un lavoro del tutto personale e originale, che offre l\u2019opportunit\u00e0 al mondo di conoscere due dei pi\u00f9 importanti artisti italiani: Danilo Rea e Fabrizio De Andr\u00e9.<br \/>\nInfo: Associazione Concerti Citt\u00e0 di Noto &#8211; Palazzo Nicolaci, via Cavour n.53 &#8211; tel\/fax +39 0931 838581, <a href=\"mailto:associazioneconcerti@tin.it\">associazioneconcerti@tin.it<\/a><\/p>\n","protected":false},"excerpt":{"rendered":"<p>44\u00b0 Festival Internazionale Notomusica 23 luglio &#8211; 20 agosto 2019 Comunicato stampa Appuntamento marted\u00ec 13 agosto, ore 21.15, Cortile del Collegio dei Gesuiti Danilo Rea e l\u2019omaggio a Fabrizio De Andr\u00e8 in esclusiva a Notomusica NOTO \u2013 Antivigilia di Ferragosto a Notomusica con il grande Danilo Rea e il suo poetico, intenso tributo a Fabrizio&#8230;<\/p>\n","protected":false},"author":1,"featured_media":1739,"comment_status":"closed","ping_status":"open","sticky":false,"template":"","format":"standard","meta":[],"categories":[65],"tags":[],"_links":{"self":[{"href":"https:\/\/notomusicafestival.com\/archivio\/wp-json\/wp\/v2\/posts\/1738"}],"collection":[{"href":"https:\/\/notomusicafestival.com\/archivio\/wp-json\/wp\/v2\/posts"}],"about":[{"href":"https:\/\/notomusicafestival.com\/archivio\/wp-json\/wp\/v2\/types\/post"}],"author":[{"embeddable":true,"href":"https:\/\/notomusicafestival.com\/archivio\/wp-json\/wp\/v2\/users\/1"}],"replies":[{"embeddable":true,"href":"https:\/\/notomusicafestival.com\/archivio\/wp-json\/wp\/v2\/comments?post=1738"}],"version-history":[{"count":2,"href":"https:\/\/notomusicafestival.com\/archivio\/wp-json\/wp\/v2\/posts\/1738\/revisions"}],"predecessor-version":[{"id":1743,"href":"https:\/\/notomusicafestival.com\/archivio\/wp-json\/wp\/v2\/posts\/1738\/revisions\/1743"}],"wp:featuredmedia":[{"embeddable":true,"href":"https:\/\/notomusicafestival.com\/archivio\/wp-json\/wp\/v2\/media\/1739"}],"wp:attachment":[{"href":"https:\/\/notomusicafestival.com\/archivio\/wp-json\/wp\/v2\/media?parent=1738"}],"wp:term":[{"taxonomy":"category","embeddable":true,"href":"https:\/\/notomusicafestival.com\/archivio\/wp-json\/wp\/v2\/categories?post=1738"},{"taxonomy":"post_tag","embeddable":true,"href":"https:\/\/notomusicafestival.com\/archivio\/wp-json\/wp\/v2\/tags?post=1738"}],"curies":[{"name":"wp","href":"https:\/\/api.w.org\/{rel}","templated":true}]}}