{"id":1728,"date":"2019-08-07T10:53:41","date_gmt":"2019-08-07T08:53:41","guid":{"rendered":"http:\/\/www.notomusicafestival.com\/it\/?p=1728"},"modified":"2019-08-07T10:59:19","modified_gmt":"2019-08-07T08:59:19","slug":"omar-sosa-yilian-canizares-ritmi-cubani-e-jazz-in-esclusiva-a-notomusica","status":"publish","type":"post","link":"https:\/\/notomusicafestival.com\/archivio\/omar-sosa-yilian-canizares-ritmi-cubani-e-jazz-in-esclusiva-a-notomusica\/","title":{"rendered":"Omar Sosa &#038; Yilian Ca\u00f1izares: ritmi cubani e jazz in esclusiva a Notomusica"},"content":{"rendered":"<p><em>Appuntamento sabato 10 agosto alle ore 21.15 nel Cortile del Collegio dei Gesuiti<\/em><\/p>\n<p><strong>Omar Sosa &amp; Yilian Ca\u00f1izares: ritmi cubani e jazz in esclusiva a Notomusica<br \/>\n<\/strong>NOTO \u2013 Per il pubblico di Notomusica si annuncia un altro straordinario concerto in esclusiva per la Sicilia. Parliamo del duo formato dal pianista <strong>Omar Sosa <\/strong>e dalla violinista e cantante <strong>Yilian Ca\u00f1izares, <\/strong>che si sono uniti per creare \u201c<strong>Aguas\u201d, <\/strong>un album bellissimo e molto personale, che \u00e8 diventato anche il titolo e il percorso musicale del loro live tour. Special guest \u00e8 <strong>Gustavo Ovalles <\/strong>alle percussioni. L\u2019appuntamento \u00e8 per sabato 10 agosto alle ore 21.15 nel Cortile del Collegio dei Gesuiti.<\/p>\n<p><!--more--><\/p>\n<p>\u201cAguas\u201d riflette le prospettive di due generazioni di artisti cubani che vivono fuori dalla loro Madre Patria e interpretano le loro radici e tradizioni in un modo unico e raffinato. Le canzoni spaziano dal commovente all\u2019esuberante, e sono l\u2019espressione dell\u2019eccezionale chimica musicale, della sensibilit\u00e0 poetica e dell\u2019originalit\u00e0 di Sosa e Ca\u00f1izares.<\/p>\n<p>Il materiale utilizzato in \u201cAguas\u201d \u00e8 un mix coinvolgente e creativo che fonde le radici Afro Cubane del duo alla musica classica occidentale e al jazz. L\u2019album \u00e8 dedicato all\u2019acqua e specialmente a Oshun, la divinit\u00e0 dell\u2019amore e signora dei fiumi nella tradizione Lucumi del retaggio Yoruba conosciuto come Santeria \u2013 una pratica spirituale importante per entrambi gli artisti. Come l\u2019acqua \u00e8 sinonimo di vita, energia, forza e spazio, la musica di questo album \u00e8 ispirato dalle influenze pi\u00f9 importanti dell\u2019acqua \u2013 il suo potere nascosto, la sua infinita trasmutazione e la sua inarrestabile creazione. C\u2019\u00e8 anche una rappresentazione, per Omar e Yilian, dell\u2019acqua come separazione da e nostalgia per la loro terra natia.<\/p>\n<p>In concerto, il rigoglioso pianismo di Omar Sosa si sposa anche perfettamente con le percussioni multicolori e multiformi (tamburi Bata, congas, bongos, quitiplas, maracas, guiro, piatti e altro) del percussionista venezuelano Gustavo Ovalles. Il sodalizio artistico tra i due nasce nel 1999, ed era gi\u00e0 alla base anche dell\u2019album \u201cAyaguna\u201d uscito nel 2003. Le undici tracce di \u201cAguas\u201d sono state scritte e prodotte da Omar Sosa e Yilian Ca\u00f1izares, il disco \u00e8 uscito nel 2018.<\/p>\n<p><strong>Omar Sosa <\/strong>\u00e8 uno di quei nomi che non hanno bisogno di molte presentazioni. Il compositore e pianista cubano, classe 1965, nominato sette volte ai Grammy, \u00e8 uno dei jazzisti pi\u00f9 versatili e completi della sua generazione. \u00c8 stato capace di fondere mirabilmente un\u2019estesa gamma di elementi jazz, di world music e di elettronica con le sue radici afrocubane, riuscendo a creare una sonorit\u00e0 fresca e originale, dal forte sapore latino, ma lasciando sempre grande spazio all\u2019improvvisazione. La carriera di Sosa incarna la mentalit\u00e0 aperta di un artista giramondo (ha vissuto nel nord e nel sud America, a Cuba ed in Spagna) e visionario, che ha lavorato incessantemente per cercare di costruire una visione musicale coerente e personale, davvero cosmopolita. Una ventina di dischi da leader in circa un quarto di secolo di attivit\u00e0 professionale parlano da soli. Dentro una cos\u00ec nutrita ed interessante produzione musicale, vi sono ben sei album di piano\u2013solo (l\u2019ultimo, \u201cSenses\u201d, \u00e8 del 2014) \u2013 formula che ancor oggi forse predilige \u2013 ma anche dei magnifici duetti con il trombettista Paolo Fresu \u2013 \u00e8 un duo collaudatissimo il loro, di cui \u00e8 appena uscito il terzo episodio discografico, \u201cEros\u201d (2016) \u2013 qualche lavoro orchestrale e, negli ultimi tempi, anche il Quartetto Afrocubano, interamente composto da suoi connazionali, con cui nel 2015 ha inciso \u201cIl\u00e9\u201d, lavoro decisamente riuscito e suggestivo.<\/p>\n<p><strong>Yilian Ca\u00f1izares<\/strong>, classe 1981, nasce a L\u2019Avana. Talento precoce, a soli sette anni viene ammessa alla prestigiosa Accademia di Musica Manuel Saumell per studiare violino. Nel 1995 vince una borsa di studio per perfezionarsi a Caracas, e due anni dopo ottiene l\u2019ammissione ad un Conservatorio in Svizzera, dove si trasferisce. Ma la sua natura di artista curiosa ed onnivora la condurr\u00e0 presto alla ricerca di nuovi sbocchi creativi. Decide cos\u00ec di iniziare a cantare, e guarda con grande interesse al jazz, trovando nel violinista St\u00e9phane Grapelli un maestro cui ispirarsi. Forma un quartetto che chiama Ochumare, come la divinit\u00e0 Orisha degli arcobaleni, con cui vince nel 2008 un importante premio al festival jazz di Montreux. Con lo stesso gruppo incide anche i suoi due primi dischi, nel 2009 e 2011. Ma la fama internazionale arriva nel 2013, con l\u2019album intitolato appunto \u201cOchumare\u201d, il primo a suo nome. Il successo viene quindi confermato due anni dopo dal nuovo lavoro, \u201cInvocaci\u00f2n\u201d (2015). Il suo stile riflette una grande variet\u00e0 di influenze, con tocchi di jazz, musica classica e musica cubana. Qualche critico ha parlato di un\u2019orchestrazione jazz mescolata ad un rituale Yoruba. Yilian Ca\u00f1izares canta in spagnolo, yoruba e francese, ed uno dei suoi tratti distintivi \u00e8 proprio la naturale capacit\u00e0 di cantare e suonare il violino allo stesso tempo.<\/p>\n<p><strong>Gustavo Ovalles<\/strong>, nato a Caracas nel 1967, come artista e professore ha viaggiato in tutto il mondo con i suoi strumenti tradizionali che includono maracas, culoepuya, quitiplas e bata drums. Con il pioneristico progetto di Omar Sosa \u201cRoots Trilogy\u201d, Gustavo ha calcato diversi importanti palchi in Europa, Giappone e Stati Uniti. Ha inoltre partecipato al l\u2019album di Sosa \u201cSentir\u201d, nominato ai Grammy. Attualmente vive un po\u2019 in Francia e un po\u2019 in Venezuela.<\/p>\n<p><a href=\"https:\/\/notomusicafestival.com\/archivio\/omar-sosa-yilian-canizares-ritmi-cubani-e-jazz-in-esclusiva-a-notomusica\/photo_2019-08-07-10-56-27\/\" rel=\"attachment wp-att-1732\"><img loading=\"lazy\" class=\"size-large wp-image-1732 aligncenter\" src=\"https:\/\/notomusicafestival.com\/archivio\/wp-content\/uploads\/2019\/08\/photo_2019-08-07-10.56.27-683x1024.jpeg\" alt=\"photo_2019-08-07 10.56.27\" width=\"640\" height=\"960\" srcset=\"https:\/\/notomusicafestival.com\/archivio\/wp-content\/uploads\/2019\/08\/photo_2019-08-07-10.56.27-683x1024.jpeg 683w, https:\/\/notomusicafestival.com\/archivio\/wp-content\/uploads\/2019\/08\/photo_2019-08-07-10.56.27-200x300.jpeg 200w, https:\/\/notomusicafestival.com\/archivio\/wp-content\/uploads\/2019\/08\/photo_2019-08-07-10.56.27-768x1151.jpeg 768w, https:\/\/notomusicafestival.com\/archivio\/wp-content\/uploads\/2019\/08\/photo_2019-08-07-10.56.27.jpeg 854w\" sizes=\"(max-width: 640px) 100vw, 640px\" \/><\/a><\/p>\n","protected":false},"excerpt":{"rendered":"<p>Appuntamento sabato 10 agosto alle ore 21.15 nel Cortile del Collegio dei Gesuiti Omar Sosa &amp; Yilian Ca\u00f1izares: ritmi cubani e jazz in esclusiva a Notomusica NOTO \u2013 Per il pubblico di Notomusica si annuncia un altro straordinario concerto in esclusiva per la Sicilia. Parliamo del duo formato dal pianista Omar Sosa e dalla violinista&#8230;<\/p>\n","protected":false},"author":1,"featured_media":1729,"comment_status":"closed","ping_status":"open","sticky":false,"template":"","format":"standard","meta":[],"categories":[65,2],"tags":[],"_links":{"self":[{"href":"https:\/\/notomusicafestival.com\/archivio\/wp-json\/wp\/v2\/posts\/1728"}],"collection":[{"href":"https:\/\/notomusicafestival.com\/archivio\/wp-json\/wp\/v2\/posts"}],"about":[{"href":"https:\/\/notomusicafestival.com\/archivio\/wp-json\/wp\/v2\/types\/post"}],"author":[{"embeddable":true,"href":"https:\/\/notomusicafestival.com\/archivio\/wp-json\/wp\/v2\/users\/1"}],"replies":[{"embeddable":true,"href":"https:\/\/notomusicafestival.com\/archivio\/wp-json\/wp\/v2\/comments?post=1728"}],"version-history":[{"count":4,"href":"https:\/\/notomusicafestival.com\/archivio\/wp-json\/wp\/v2\/posts\/1728\/revisions"}],"predecessor-version":[{"id":1735,"href":"https:\/\/notomusicafestival.com\/archivio\/wp-json\/wp\/v2\/posts\/1728\/revisions\/1735"}],"wp:featuredmedia":[{"embeddable":true,"href":"https:\/\/notomusicafestival.com\/archivio\/wp-json\/wp\/v2\/media\/1729"}],"wp:attachment":[{"href":"https:\/\/notomusicafestival.com\/archivio\/wp-json\/wp\/v2\/media?parent=1728"}],"wp:term":[{"taxonomy":"category","embeddable":true,"href":"https:\/\/notomusicafestival.com\/archivio\/wp-json\/wp\/v2\/categories?post=1728"},{"taxonomy":"post_tag","embeddable":true,"href":"https:\/\/notomusicafestival.com\/archivio\/wp-json\/wp\/v2\/tags?post=1728"}],"curies":[{"name":"wp","href":"https:\/\/api.w.org\/{rel}","templated":true}]}}