{"id":1641,"date":"2019-07-31T16:09:18","date_gmt":"2019-07-31T14:09:18","guid":{"rendered":"http:\/\/www.notomusicafestival.com\/it\/?p=1641"},"modified":"2019-07-31T16:55:57","modified_gmt":"2019-07-31T14:55:57","slug":"uto-ughi-e-francesco-nicolosi-in-esclusiva-a-notomusica","status":"publish","type":"post","link":"https:\/\/notomusicafestival.com\/archivio\/uto-ughi-e-francesco-nicolosi-in-esclusiva-a-notomusica\/","title":{"rendered":"Uto Ughi e Francesco Nicolosi in esclusiva a Notomusica"},"content":{"rendered":"<p><b>44\u00b0 Festival Internazionale Notomusica<\/b><br \/>\n<i>23 luglio &#8211; 20 agosto 2019<\/i><\/p>\n<p>Apputamento gioved\u00ec 1 agosto 2019, ore 21.15, nel Cortile del Collegio dei Gesuiti<\/p>\n<p><b>Uto Ughi e Francesco Nicolosi in esclusiva a Notomusica<\/b><\/p>\n<p><!--more--><\/p>\n<p><i>In programma musiche di Franck, Saint-Sa\u00ebns, Liszt e Thalberg<\/i><\/p>\n<p><img loading=\"lazy\" class=\"alignleft size-medium wp-image-1642\" src=\"https:\/\/notomusicafestival.com\/archivio\/wp-content\/uploads\/2019\/07\/photo_2019-07-09-14.53.39-265x300.jpeg\" alt=\"photo_2019-07-09-14.53.39\" width=\"265\" height=\"300\" srcset=\"https:\/\/notomusicafestival.com\/archivio\/wp-content\/uploads\/2019\/07\/photo_2019-07-09-14.53.39-265x300.jpeg 265w, https:\/\/notomusicafestival.com\/archivio\/wp-content\/uploads\/2019\/07\/photo_2019-07-09-14.53.39-768x871.jpeg 768w, https:\/\/notomusicafestival.com\/archivio\/wp-content\/uploads\/2019\/07\/photo_2019-07-09-14.53.39-903x1024.jpeg 903w, https:\/\/notomusicafestival.com\/archivio\/wp-content\/uploads\/2019\/07\/photo_2019-07-09-14.53.39.jpeg 1129w\" sizes=\"(max-width: 265px) 100vw, 265px\" \/>NOTO \u2013 Ancora una prestigiosa esclusiva per il pubblico di Notomusica: tale \u00e8 lo straordinario concerto del violinista Uto Ughi e del pianista Francesco Nicolosi, che si esibiranno in duo per la prima volta nella loro luminosa carriera. L\u2019appuntamento \u00e8 per gioved\u00ec primo agosto alle 21.15 nel Cortile del Collegio dei Gesuiti, da diversi anni sede estiva del festival internazionale fondato dal pianista netino Corrado Galzio.<br \/>\nUghi e Nicolosi affronteranno\u00a0insieme celeberrime creazioni\u00a0di scuola francese, caratterizzate da\u00a0grande fascino ed eleganza, come la Sonata in la maggiore per violino e pianoforte che\u00a0C\u00e9sar Franck\u00a0compose\u00a0durante l\u2019estate del 1886, dando alla luce uno dei lavori pi\u00f9 rappresentativi della musica da camera\u00a0fiorita in Francia nell\u2019Ottocento. Dedicata al famoso violinista\u00a0Eug\u00e8ne <i>Ysa\u00ffe<\/i><i>,\u00a0<\/i>\u00e8 tra i primi esempi di sonata ciclica, il cui tema principale viene riproposto e variato nei quattro i movimenti della partitura. Altro brano in programma\u00a0\u00e8 <i>Introduction et Rond\u00f2 capriccioso<\/i> in la minore op. 28 di Camille Saint-Sa\u00ebns, concepito nel 1870 appositamente per il sommo\u00a0violinista\u00a0 Pablo de Sarasate, da qui i colori e le movenze spagnoleggianti di cui \u00e8 intriso il brano dallo sviluppo spiccatamente virtuosistico.\u00a0Lo ascolteremo\u00a0nella trascrizione di Georges Bizet per violino e pianoforte, che prevede la tastiera al posto dall\u2019orchestra.<br \/>\nFrancesco Nicolosi proporr\u00e0\u00a0inoltre due raffinate e splendide pagine per pianoforte solo, scelte\u00a0tra i\u00a0suoi autori di elezione: la prima, di Franz Liszt, \u00e8 il Sonetto del Petrarca n.104 S 270 \u201cPace non trovo\u201d (da Ann\u00e9es de p\u00e8lerinage \u201cDeuxi\u00e8me ann\u00e9e&#8221;). Seguir\u00e0, di Sigismund Thalberg, la Trascrizione del quartetto \u201cA te, o cara\u201d da \u201cI Puritani\u201d di Vincenzo Bellini (da &#8220;L&#8221;art du chant appliqu\u00e8 au piano&#8221; op 70).<br \/>\nQuesto il programma che vedr\u00e0 protagonisti due virtuosi che non hanno certo bisogno di presentazioni, anche se \u00e8 sempre entusiasmante ripercorrere le tappe del loro fulgido itinerario artistico. Considerato tra i maggiori violinisti del nostro tempo, autentico erede della tradizione che ha visto nascere e fiorire in Italia le prime grandi scuole violinistiche, Uto Ughi ha mostrato straordinario talento fin dalla prima infanzia. All\u2019et\u00e0 di 7 anni si \u00e8 esibito per la prima volta in pubblico eseguendo la Ciaccona dalla Partita n. 2 di Bach ed alcuni Capricci di Paganini. Studia sotto la guida di George Enescu, gi\u00e0 maestro di Menuhin. Appena dodicenne ha iniziato le sue grandi tourn\u00e9es esibendosi nelle pi\u00f9 importanti capitali europee. Da allora la sua carriera non ha conosciuto soste. Ha suonato in tutto il mondo, nei principali festival e teatri con le pi\u00f9 rinomate Orchestre sinfoniche, sotto la direzione di maestri del calibro di Barbirolli, Bychkov, Celibidache, Cluytens, Chung, Ceccato, Colon, Davis, Fruhbeck de Burgos, Gatti, Gergiev, Giulini, Kondrascin, Lu Jia, Inbal, Maazel, Masur, Mehta, Nagano, Penderecki, <i>Pr\u00eatre<\/i>, Rostropovich, Sawallisch, Sinopoli, Slatkin, Spivakov, Temirkanov e Yuri Bashmet. Imbraccia due preziosissimi violini: un Guarnieri del Ges\u00f9 del 1744, detto Grumiaux, dal suono caldo e cupo, e uno Stradivari del 1701, detto Kreutzer, perch\u00e9 appartenuto al virtuoso al quale Beethoven dedic\u00f2 la famosa Sonata. Uto Ughi non limita i suoi interessi alla sola musica, ma \u00e8 in prima linea nella vita sociale del Paese e il suo impegno \u00e8 volto soprattutto alla salvaguardia del patrimonio artistico nazionale.<br \/>\nAltrettanto blasonato il percorso di Francesco Nicolosi, concertista di fama mondiale e in atto direttore artistico del Teatro Massimo Bellini. Diplomatosi giovanissimo con il massimo dei voti, parte all\u2019et\u00e0 di diciassette anni dalla sua Catania alla volta di Napoli dove incontra Vincenzo Vitale, riconosciuto didatta tra i migliori della tradizione pianistica italiana. Ben presto ne diventa uno dei migliori allievi, tanto da essere considerato a tutt\u2019oggi uno dei massimi esponenti della scuola pianistica partenopea. Il 1980 \u00e8 un anno importante con due Premi che segneranno il suo destino artistico: quello al Concorso Pianistico Internazionale di Santander e soprattutto la vittoria al Concorso Internazionale d\u2019Esecuzione Musicale di Ginevra, che d\u00e0 inizio a una carriera internazionale che lo consacra come uno dei pianisti pi\u00f9 interessanti della sua generazione. Si \u00e8 esibito nelle pi\u00f9 importanti sale da concerto del mondo, dalla Queen Elizabeth Hall alla Wigmore Hall di Londra, dalla Victoria Hall di Ginevra alla Radio Nacional di Madrid, e ancora la Salle Gaveau di Parigi, il Teatro alla Scala e la Sala Verdi di Milano, il Teatro dell\u2019Opera e l\u2019Accademia di Santa Cecilia di Roma, il San Carlo di Napoli, l\u2019Herkulessaal di Monaco, la Brahmssaal di Vienna. Oltre che in tutta Europa, ha effettuato tourn\u00e9e in Russia, Stati Uniti, Canada, Messico, Argentina, Singapore, Giappone e Cina ed \u00e8 stato ospite dei pi\u00f9 esclusivi festival, quali: Festival dei Due Mondi di Spoleto, Rossini Opera Festival, Ravenna Festival, Festival di Ravello, Festival Pianistico di Brescia e Bergamo, Estate Musicale Sorrentina, Taormina Teatro Musica, Settimane Musicali di Stresa, Settembre Musica di Torino, Mittelfest, Weimar Kunstfest, Budapest Liszt Festival, Emilia Romagna Festival, Festival Ljubjana, Vilnius Piano Festival.<br \/>\nDue fuoriclasse come Uto Ughi e Francesco Nicolosi s\u2019incontrano ora a Notomusica per\u00a0formare\u00a0un inedito duo e dare vita ad una serata musicale che promette di essere indimenticabile<br \/>\nInfo: Associazione Concerti Citt\u00e0 di Noto &#8211; Palazzo Nicolaci, via Cavour n.53 &#8211; tel\/fax +39 0931 838581, <a href=\"mailto:associazioneconcerti@tin.it\">associazioneconcerti@tin.it<\/a><\/p>\n<p>&nbsp;<\/p>\n","protected":false},"excerpt":{"rendered":"<p>44\u00b0 Festival Internazionale Notomusica 23 luglio &#8211; 20 agosto 2019 Apputamento gioved\u00ec 1 agosto 2019, ore 21.15, nel Cortile del Collegio dei Gesuiti Uto Ughi e Francesco Nicolosi in esclusiva a Notomusica<\/p>\n","protected":false},"author":1,"featured_media":1643,"comment_status":"closed","ping_status":"open","sticky":false,"template":"","format":"standard","meta":[],"categories":[65],"tags":[],"_links":{"self":[{"href":"https:\/\/notomusicafestival.com\/archivio\/wp-json\/wp\/v2\/posts\/1641"}],"collection":[{"href":"https:\/\/notomusicafestival.com\/archivio\/wp-json\/wp\/v2\/posts"}],"about":[{"href":"https:\/\/notomusicafestival.com\/archivio\/wp-json\/wp\/v2\/types\/post"}],"author":[{"embeddable":true,"href":"https:\/\/notomusicafestival.com\/archivio\/wp-json\/wp\/v2\/users\/1"}],"replies":[{"embeddable":true,"href":"https:\/\/notomusicafestival.com\/archivio\/wp-json\/wp\/v2\/comments?post=1641"}],"version-history":[{"count":4,"href":"https:\/\/notomusicafestival.com\/archivio\/wp-json\/wp\/v2\/posts\/1641\/revisions"}],"predecessor-version":[{"id":1655,"href":"https:\/\/notomusicafestival.com\/archivio\/wp-json\/wp\/v2\/posts\/1641\/revisions\/1655"}],"wp:featuredmedia":[{"embeddable":true,"href":"https:\/\/notomusicafestival.com\/archivio\/wp-json\/wp\/v2\/media\/1643"}],"wp:attachment":[{"href":"https:\/\/notomusicafestival.com\/archivio\/wp-json\/wp\/v2\/media?parent=1641"}],"wp:term":[{"taxonomy":"category","embeddable":true,"href":"https:\/\/notomusicafestival.com\/archivio\/wp-json\/wp\/v2\/categories?post=1641"},{"taxonomy":"post_tag","embeddable":true,"href":"https:\/\/notomusicafestival.com\/archivio\/wp-json\/wp\/v2\/tags?post=1641"}],"curies":[{"name":"wp","href":"https:\/\/api.w.org\/{rel}","templated":true}]}}